{"id":1400,"date":"2020-01-28T13:16:18","date_gmt":"2020-01-28T12:16:18","guid":{"rendered":"http:\/\/www.gradski-muzej-krizevci.hr\/?p=1400"},"modified":"2022-11-18T23:29:42","modified_gmt":"2022-11-18T22:29:42","slug":"noc-muzeja-u-gradskom-muzeju-krizevci","status":"publish","type":"post","link":"https:\/\/www.gradski-muzej-krizevci.hr\/?p=1400","title":{"rendered":"NO\u0106 MUZEJA U GRADSKOM MUZEJU KRI\u017dEVCI"},"content":{"rendered":"<p>Drage muzeoljupke, dragi muzeoljupci!<\/p>\n<p>I ove godine, u petak 31. sije\u010dnja, u Hrvatskoj se po petnaesti put odr\u017eava No\u0107 muzeja, manifestacija koju je do sada posjetilo vi\u0161e 5.000.000 posjetitelja. Ovogodi\u0161nja No\u0107 muzeja posve\u0107ena je velikim muzejskim obljetnicama: 200 godina postojanja i rada Arheolo\u0161kog muzeja Split, osnovanog 1820. godine i 140 godina Muzeja za umjetnost i obrtu Zagrebu, osnovanog 1880. godine.<\/p>\n<p>Kao i niz godina do sada obilje\u017eavanju No\u0107i muzeja pridru\u017eio se i Gradski muzej Kri\u017eevci. Vrata stalnog muzejskog postava biti \u0107e, kao i obi\u010dno, otvorena izme\u0111u 18 i 21 sat, uz besplatan ulaz. Nakon toga, od 20 sat, program No\u0107i muzeja seli u prostore Likovne galerije. Zadnja je to prilika da se razgleda izlo\u017eba \u201cZemlja\u201d, kojoj je i posve\u0107ena kri\u017eeva\u010dka No\u0107 muzeja. Ove godine njenom obilje\u017eavanju priklju\u010dili su se i u\u010denici osnovne \u0161kole \u201cVladimir Nazor\u201d, koji su uz mentorstvo prof. Ane Marije Smoljenec priredili stop-animaciju djela Marijana Detonija. Kao i obi\u010dno od 21 sat \u010dekaju nas i dva predavanja vezana za trenutnu izlo\u017ebu. Marijan \u0160poljar, povijesni\u010dar umjetnosti, galerist i umirovljeni ravnatelj Muzeja grada Koprivnica odr\u017eati \u0107e predavanje o grupi \u201cZemlja\u201d, a Zoran Homen, arheolog, likovni pedagog i dugogodi\u0161nji ravnatelj Gradskog muzeja Kri\u017eevci, upoznati \u0107e nas pobli\u017ee s radom znamenitog kri\u017eeva\u010dkog slikara Marijana Detonija. Moderator doga\u0111anja biti \u0107e ravnateljica Muzeja Tea Hatadi. I na ova doga\u0111anja ulaz je naravno besplatan.<\/p>\n<p>&nbsp;<\/p>\n<p>P.S. Iako je najavljeno zatopljenje, svejedno se toplo obucite!<\/p>\n<div id='gallery-1' class='gallery galleryid-1400 gallery-columns-6 gallery-size-thumbnail'><figure class='gallery-item'>\n\t\t\t<div class='gallery-icon landscape'>\n\t\t\t\t<a title=\"IMG_9054\" href='https:\/\/www.gradski-muzej-krizevci.hr\/wp-content\/uploads\/2020\/02\/IMG_9054.jpg'><img loading=\"lazy\" decoding=\"async\" width=\"150\" height=\"150\" src=\"https:\/\/www.gradski-muzej-krizevci.hr\/wp-content\/uploads\/2020\/02\/IMG_9054-150x150.jpg\" class=\"attachment-thumbnail size-thumbnail\" alt=\"\" \/><\/a>\n\t\t\t<\/div><\/figure><figure class='gallery-item'>\n\t\t\t<div class='gallery-icon landscape'>\n\t\t\t\t<a title=\"IMG_9053\" href='https:\/\/www.gradski-muzej-krizevci.hr\/wp-content\/uploads\/2020\/02\/IMG_9053.jpg'><img loading=\"lazy\" decoding=\"async\" width=\"150\" height=\"150\" src=\"https:\/\/www.gradski-muzej-krizevci.hr\/wp-content\/uploads\/2020\/02\/IMG_9053-150x150.jpg\" class=\"attachment-thumbnail size-thumbnail\" alt=\"\" \/><\/a>\n\t\t\t<\/div><\/figure><figure class='gallery-item'>\n\t\t\t<div class='gallery-icon landscape'>\n\t\t\t\t<a title=\"IMG_9063\" href='https:\/\/www.gradski-muzej-krizevci.hr\/wp-content\/uploads\/2020\/02\/IMG_9063.jpg'><img loading=\"lazy\" decoding=\"async\" width=\"150\" height=\"150\" src=\"https:\/\/www.gradski-muzej-krizevci.hr\/wp-content\/uploads\/2020\/02\/IMG_9063-150x150.jpg\" class=\"attachment-thumbnail size-thumbnail\" alt=\"\" \/><\/a>\n\t\t\t<\/div><\/figure><figure class='gallery-item'>\n\t\t\t<div class='gallery-icon landscape'>\n\t\t\t\t<a title=\"IMG_9073\" href='https:\/\/www.gradski-muzej-krizevci.hr\/wp-content\/uploads\/2020\/02\/IMG_9073.jpg'><img loading=\"lazy\" decoding=\"async\" width=\"150\" height=\"150\" src=\"https:\/\/www.gradski-muzej-krizevci.hr\/wp-content\/uploads\/2020\/02\/IMG_9073-150x150.jpg\" class=\"attachment-thumbnail size-thumbnail\" alt=\"\" \/><\/a>\n\t\t\t<\/div><\/figure><figure class='gallery-item'>\n\t\t\t<div class='gallery-icon landscape'>\n\t\t\t\t<a title=\"IMG_9065\" href='https:\/\/www.gradski-muzej-krizevci.hr\/wp-content\/uploads\/2020\/02\/IMG_9065.jpg'><img loading=\"lazy\" decoding=\"async\" width=\"150\" height=\"150\" src=\"https:\/\/www.gradski-muzej-krizevci.hr\/wp-content\/uploads\/2020\/02\/IMG_9065-150x150.jpg\" class=\"attachment-thumbnail size-thumbnail\" alt=\"\" \/><\/a>\n\t\t\t<\/div><\/figure><figure class='gallery-item'>\n\t\t\t<div class='gallery-icon landscape'>\n\t\t\t\t<a title=\"IMG_9069\" href='https:\/\/www.gradski-muzej-krizevci.hr\/wp-content\/uploads\/2020\/02\/IMG_9069.jpg'><img loading=\"lazy\" decoding=\"async\" width=\"150\" height=\"150\" src=\"https:\/\/www.gradski-muzej-krizevci.hr\/wp-content\/uploads\/2020\/02\/IMG_9069-150x150.jpg\" class=\"attachment-thumbnail size-thumbnail\" alt=\"\" \/><\/a>\n\t\t\t<\/div><\/figure><figure class='gallery-item'>\n\t\t\t<div class='gallery-icon landscape'>\n\t\t\t\t<a title=\"IMG_9055\" href='https:\/\/www.gradski-muzej-krizevci.hr\/wp-content\/uploads\/2020\/02\/IMG_9055.jpg'><img loading=\"lazy\" decoding=\"async\" width=\"150\" height=\"150\" src=\"https:\/\/www.gradski-muzej-krizevci.hr\/wp-content\/uploads\/2020\/02\/IMG_9055-150x150.jpg\" class=\"attachment-thumbnail size-thumbnail\" alt=\"\" \/><\/a>\n\t\t\t<\/div><\/figure><figure class='gallery-item'>\n\t\t\t<div class='gallery-icon landscape'>\n\t\t\t\t<a title=\"IMG_9075\" href='https:\/\/www.gradski-muzej-krizevci.hr\/wp-content\/uploads\/2020\/02\/IMG_9075.jpg'><img loading=\"lazy\" decoding=\"async\" width=\"150\" height=\"150\" src=\"https:\/\/www.gradski-muzej-krizevci.hr\/wp-content\/uploads\/2020\/02\/IMG_9075-150x150.jpg\" class=\"attachment-thumbnail size-thumbnail\" alt=\"\" \/><\/a>\n\t\t\t<\/div><\/figure><figure class='gallery-item'>\n\t\t\t<div class='gallery-icon landscape'>\n\t\t\t\t<a title=\"IMG_9081\" href='https:\/\/www.gradski-muzej-krizevci.hr\/wp-content\/uploads\/2020\/02\/IMG_9081.jpg'><img loading=\"lazy\" decoding=\"async\" width=\"150\" height=\"150\" src=\"https:\/\/www.gradski-muzej-krizevci.hr\/wp-content\/uploads\/2020\/02\/IMG_9081-150x150.jpg\" class=\"attachment-thumbnail size-thumbnail\" alt=\"\" \/><\/a>\n\t\t\t<\/div><\/figure><figure class='gallery-item'>\n\t\t\t<div class='gallery-icon landscape'>\n\t\t\t\t<a title=\"IMG_9082\" href='https:\/\/www.gradski-muzej-krizevci.hr\/wp-content\/uploads\/2020\/02\/IMG_9082.jpg'><img loading=\"lazy\" decoding=\"async\" width=\"150\" height=\"150\" src=\"https:\/\/www.gradski-muzej-krizevci.hr\/wp-content\/uploads\/2020\/02\/IMG_9082-150x150.jpg\" class=\"attachment-thumbnail size-thumbnail\" alt=\"\" \/><\/a>\n\t\t\t<\/div><\/figure><figure class='gallery-item'>\n\t\t\t<div class='gallery-icon landscape'>\n\t\t\t\t<a title=\"IMG_9084\" href='https:\/\/www.gradski-muzej-krizevci.hr\/wp-content\/uploads\/2020\/02\/IMG_9084.jpg'><img loading=\"lazy\" decoding=\"async\" width=\"150\" height=\"150\" src=\"https:\/\/www.gradski-muzej-krizevci.hr\/wp-content\/uploads\/2020\/02\/IMG_9084-150x150.jpg\" class=\"attachment-thumbnail size-thumbnail\" alt=\"\" \/><\/a>\n\t\t\t<\/div><\/figure><figure class='gallery-item'>\n\t\t\t<div class='gallery-icon landscape'>\n\t\t\t\t<a title=\"IMG_9083\" href='https:\/\/www.gradski-muzej-krizevci.hr\/wp-content\/uploads\/2020\/02\/IMG_9083.jpg'><img loading=\"lazy\" decoding=\"async\" width=\"150\" height=\"150\" src=\"https:\/\/www.gradski-muzej-krizevci.hr\/wp-content\/uploads\/2020\/02\/IMG_9083-150x150.jpg\" class=\"attachment-thumbnail size-thumbnail\" alt=\"\" \/><\/a>\n\t\t\t<\/div><\/figure>\n\t\t<\/div>\n\n","protected":false},"excerpt":{"rendered":"<p>Drage muzeoljupke, dragi muzeoljupci! I ove godine, u petak 31. sije\u010dnja, u Hrvatskoj se po petnaesti put odr\u017eava No\u0107 muzeja, manifestacija koju je do sada posjetilo vi\u0161e 5.000.000 posjetitelja. Ovogodi\u0161nja&hellip;<\/p>\n","protected":false},"author":4,"featured_media":1401,"comment_status":"closed","ping_status":"closed","sticky":false,"template":"","format":"standard","meta":{"_bbp_topic_count":0,"_bbp_reply_count":0,"_bbp_total_topic_count":0,"_bbp_total_reply_count":0,"_bbp_voice_count":0,"_bbp_anonymous_reply_count":0,"_bbp_topic_count_hidden":0,"_bbp_reply_count_hidden":0,"_bbp_forum_subforum_count":0,"footnotes":""},"categories":[330],"tags":[],"class_list":["post-1400","post","type-post","status-publish","format-standard","has-post-thumbnail","hentry","category-manifestacija"],"_links":{"self":[{"href":"https:\/\/www.gradski-muzej-krizevci.hr\/index.php?rest_route=\/wp\/v2\/posts\/1400","targetHints":{"allow":["GET"]}}],"collection":[{"href":"https:\/\/www.gradski-muzej-krizevci.hr\/index.php?rest_route=\/wp\/v2\/posts"}],"about":[{"href":"https:\/\/www.gradski-muzej-krizevci.hr\/index.php?rest_route=\/wp\/v2\/types\/post"}],"author":[{"embeddable":true,"href":"https:\/\/www.gradski-muzej-krizevci.hr\/index.php?rest_route=\/wp\/v2\/users\/4"}],"replies":[{"embeddable":true,"href":"https:\/\/www.gradski-muzej-krizevci.hr\/index.php?rest_route=%2Fwp%2Fv2%2Fcomments&post=1400"}],"version-history":[{"count":3,"href":"https:\/\/www.gradski-muzej-krizevci.hr\/index.php?rest_route=\/wp\/v2\/posts\/1400\/revisions"}],"predecessor-version":[{"id":1421,"href":"https:\/\/www.gradski-muzej-krizevci.hr\/index.php?rest_route=\/wp\/v2\/posts\/1400\/revisions\/1421"}],"wp:featuredmedia":[{"embeddable":true,"href":"https:\/\/www.gradski-muzej-krizevci.hr\/index.php?rest_route=\/wp\/v2\/media\/1401"}],"wp:attachment":[{"href":"https:\/\/www.gradski-muzej-krizevci.hr\/index.php?rest_route=%2Fwp%2Fv2%2Fmedia&parent=1400"}],"wp:term":[{"taxonomy":"category","embeddable":true,"href":"https:\/\/www.gradski-muzej-krizevci.hr\/index.php?rest_route=%2Fwp%2Fv2%2Fcategories&post=1400"},{"taxonomy":"post_tag","embeddable":true,"href":"https:\/\/www.gradski-muzej-krizevci.hr\/index.php?rest_route=%2Fwp%2Fv2%2Ftags&post=1400"}],"curies":[{"name":"wp","href":"https:\/\/api.w.org\/{rel}","templated":true}]}}