{"id":1551,"date":"2020-03-13T12:44:38","date_gmt":"2020-03-13T11:44:38","guid":{"rendered":"http:\/\/www.gradski-muzej-krizevci.hr\/?p=1551"},"modified":"2022-11-18T23:28:16","modified_gmt":"2022-11-18T22:28:16","slug":"vijesti-veleposlanica-bugarske-nj-e-genka-georgieva-boravila-u-sluzbenom-posjetu-krizevcima","status":"publish","type":"post","link":"https:\/\/www.gradski-muzej-krizevci.hr\/?p=1551","title":{"rendered":"Vijesti: Veleposlanica Bugarske Nj.E. Genka Georgieva boravila u slu\u017ebenom posjetu Kri\u017eevcima"},"content":{"rendered":"<p><strong>Veleposlanica Bugarske Nj.E. Genka Georgieva boravila u slu\u017ebenom posjetu Kri\u017eevcima<\/strong><\/p>\n<p>Nakon razgovora u Gradskoj upravi, Veleposlanica je posjetila i Gradski muzej u Kri\u017eevcima kako bi s ravnateljicom muzeja Teom Hatadi pobli\u017ee razmotrila mogu\u0107nosti suradnje na kulturnom planu. Kroz muzej goste je proveo vi\u0161i kustos Ozren Blagec koji je na molbu Veleposlanice posebno pripremio vi\u0161e o <a href=\"https:\/\/www.enciklopedija.hr\/natuknica.aspx?id=237\">Fran Gundrum-Oriov\u010daninu<\/a>.<\/p>\n<p><img loading=\"lazy\" decoding=\"async\" class=\"alignnone size-medium wp-image-1552\" src=\"http:\/\/www.gradski-muzej-krizevci.hr\/wp-content\/uploads\/2020\/03\/20200312_111419-300x146.jpg\" alt=\"\" width=\"300\" height=\"146\" srcset=\"https:\/\/www.gradski-muzej-krizevci.hr\/wp-content\/uploads\/2020\/03\/20200312_111419-300x146.jpg 300w, https:\/\/www.gradski-muzej-krizevci.hr\/wp-content\/uploads\/2020\/03\/20200312_111419-1024x498.jpg 1024w, https:\/\/www.gradski-muzej-krizevci.hr\/wp-content\/uploads\/2020\/03\/20200312_111419-768x373.jpg 768w, https:\/\/www.gradski-muzej-krizevci.hr\/wp-content\/uploads\/2020\/03\/20200312_111419-1536x747.jpg 1536w, https:\/\/www.gradski-muzej-krizevci.hr\/wp-content\/uploads\/2020\/03\/20200312_111419-2048x996.jpg 2048w, https:\/\/www.gradski-muzej-krizevci.hr\/wp-content\/uploads\/2020\/03\/20200312_111419-1600x778.jpg 1600w\" sizes=\"auto, (max-width: 300px) 100vw, 300px\" \/> <img loading=\"lazy\" decoding=\"async\" class=\"alignnone size-medium wp-image-1553\" src=\"http:\/\/www.gradski-muzej-krizevci.hr\/wp-content\/uploads\/2020\/03\/20200312_111428-300x146.jpg\" alt=\"\" width=\"300\" height=\"146\" srcset=\"https:\/\/www.gradski-muzej-krizevci.hr\/wp-content\/uploads\/2020\/03\/20200312_111428-300x146.jpg 300w, https:\/\/www.gradski-muzej-krizevci.hr\/wp-content\/uploads\/2020\/03\/20200312_111428-1024x498.jpg 1024w, https:\/\/www.gradski-muzej-krizevci.hr\/wp-content\/uploads\/2020\/03\/20200312_111428-768x373.jpg 768w, https:\/\/www.gradski-muzej-krizevci.hr\/wp-content\/uploads\/2020\/03\/20200312_111428-1536x747.jpg 1536w, https:\/\/www.gradski-muzej-krizevci.hr\/wp-content\/uploads\/2020\/03\/20200312_111428-2048x996.jpg 2048w, https:\/\/www.gradski-muzej-krizevci.hr\/wp-content\/uploads\/2020\/03\/20200312_111428-1600x778.jpg 1600w\" sizes=\"auto, (max-width: 300px) 100vw, 300px\" \/> <img loading=\"lazy\" decoding=\"async\" class=\"alignnone size-medium wp-image-1554\" src=\"http:\/\/www.gradski-muzej-krizevci.hr\/wp-content\/uploads\/2020\/03\/20200312_112103-300x146.jpg\" alt=\"\" width=\"300\" height=\"146\" srcset=\"https:\/\/www.gradski-muzej-krizevci.hr\/wp-content\/uploads\/2020\/03\/20200312_112103-300x146.jpg 300w, https:\/\/www.gradski-muzej-krizevci.hr\/wp-content\/uploads\/2020\/03\/20200312_112103-1024x498.jpg 1024w, https:\/\/www.gradski-muzej-krizevci.hr\/wp-content\/uploads\/2020\/03\/20200312_112103-768x373.jpg 768w, https:\/\/www.gradski-muzej-krizevci.hr\/wp-content\/uploads\/2020\/03\/20200312_112103-1536x747.jpg 1536w, https:\/\/www.gradski-muzej-krizevci.hr\/wp-content\/uploads\/2020\/03\/20200312_112103-2048x996.jpg 2048w, https:\/\/www.gradski-muzej-krizevci.hr\/wp-content\/uploads\/2020\/03\/20200312_112103-1600x778.jpg 1600w\" sizes=\"auto, (max-width: 300px) 100vw, 300px\" \/> <img loading=\"lazy\" decoding=\"async\" class=\"alignnone size-medium wp-image-1555\" src=\"http:\/\/www.gradski-muzej-krizevci.hr\/wp-content\/uploads\/2020\/03\/20200312_120040-146x300.jpg\" alt=\"\" width=\"146\" height=\"300\" srcset=\"https:\/\/www.gradski-muzej-krizevci.hr\/wp-content\/uploads\/2020\/03\/20200312_120040-146x300.jpg 146w, https:\/\/www.gradski-muzej-krizevci.hr\/wp-content\/uploads\/2020\/03\/20200312_120040-498x1024.jpg 498w, https:\/\/www.gradski-muzej-krizevci.hr\/wp-content\/uploads\/2020\/03\/20200312_120040-768x1580.jpg 768w, https:\/\/www.gradski-muzej-krizevci.hr\/wp-content\/uploads\/2020\/03\/20200312_120040-747x1536.jpg 747w, https:\/\/www.gradski-muzej-krizevci.hr\/wp-content\/uploads\/2020\/03\/20200312_120040-996x2048.jpg 996w, https:\/\/www.gradski-muzej-krizevci.hr\/wp-content\/uploads\/2020\/03\/20200312_120040-1600x3291.jpg 1600w, https:\/\/www.gradski-muzej-krizevci.hr\/wp-content\/uploads\/2020\/03\/20200312_120040-scaled.jpg 1244w\" sizes=\"auto, (max-width: 146px) 100vw, 146px\" \/><\/p>\n<blockquote class=\"wp-embedded-content\" data-secret=\"zadU15x8e5\"><p><a href=\"https:\/\/krizevci.hr\/veleposlanica-bugarske-nj-e-genka-georgieva-boravila-u-sluzbenom-posjetu-krizevcima\/\">Veleposlanica Bugarske Nj.E. Genka Georgieva boravila u slu\u017ebenom posjetu Kri\u017eevcima<\/a><\/p><\/blockquote>\n<p><iframe loading=\"lazy\" class=\"wp-embedded-content\" sandbox=\"allow-scripts\" security=\"restricted\" style=\"position: absolute; clip: rect(1px, 1px, 1px, 1px);\" title=\"&#8220;Veleposlanica Bugarske Nj.E. Genka Georgieva boravila u slu\u017ebenom posjetu Kri\u017eevcima&#8221; &#8212; Grad Kri\u017eevci\" src=\"https:\/\/krizevci.hr\/veleposlanica-bugarske-nj-e-genka-georgieva-boravila-u-sluzbenom-posjetu-krizevcima\/embed\/#?secret=oAY6P5x6BD#?secret=zadU15x8e5\" data-secret=\"zadU15x8e5\" width=\"600\" height=\"338\" frameborder=\"0\" marginwidth=\"0\" marginheight=\"0\" scrolling=\"no\"><\/iframe><\/p>\n","protected":false},"excerpt":{"rendered":"<p>Veleposlanica Bugarske Nj.E. Genka Georgieva boravila u slu\u017ebenom posjetu Kri\u017eevcima Nakon razgovora u Gradskoj upravi, Veleposlanica je posjetila i Gradski muzej u Kri\u017eevcima kako bi s ravnateljicom muzeja Teom Hatadi&hellip;<\/p>\n","protected":false},"author":4,"featured_media":1555,"comment_status":"closed","ping_status":"closed","sticky":false,"template":"","format":"standard","meta":{"_bbp_topic_count":0,"_bbp_reply_count":0,"_bbp_total_topic_count":0,"_bbp_total_reply_count":0,"_bbp_voice_count":0,"_bbp_anonymous_reply_count":0,"_bbp_topic_count_hidden":0,"_bbp_reply_count_hidden":0,"_bbp_forum_subforum_count":0,"footnotes":""},"categories":[331],"tags":[110,108,109,107],"class_list":["post-1551","post","type-post","status-publish","format-standard","has-post-thumbnail","hentry","category-obavijest","tag-nj-e-genka-georgieva","tag-ozren-blagec","tag-tea-hatadi","tag-veleposlanica-bugarske-nj-e-genka-georgieva-boravila-u-sluzbenom-posjetu-krizevcima"],"_links":{"self":[{"href":"https:\/\/www.gradski-muzej-krizevci.hr\/index.php?rest_route=\/wp\/v2\/posts\/1551","targetHints":{"allow":["GET"]}}],"collection":[{"href":"https:\/\/www.gradski-muzej-krizevci.hr\/index.php?rest_route=\/wp\/v2\/posts"}],"about":[{"href":"https:\/\/www.gradski-muzej-krizevci.hr\/index.php?rest_route=\/wp\/v2\/types\/post"}],"author":[{"embeddable":true,"href":"https:\/\/www.gradski-muzej-krizevci.hr\/index.php?rest_route=\/wp\/v2\/users\/4"}],"replies":[{"embeddable":true,"href":"https:\/\/www.gradski-muzej-krizevci.hr\/index.php?rest_route=%2Fwp%2Fv2%2Fcomments&post=1551"}],"version-history":[{"count":2,"href":"https:\/\/www.gradski-muzej-krizevci.hr\/index.php?rest_route=\/wp\/v2\/posts\/1551\/revisions"}],"predecessor-version":[{"id":1557,"href":"https:\/\/www.gradski-muzej-krizevci.hr\/index.php?rest_route=\/wp\/v2\/posts\/1551\/revisions\/1557"}],"wp:featuredmedia":[{"embeddable":true,"href":"https:\/\/www.gradski-muzej-krizevci.hr\/index.php?rest_route=\/wp\/v2\/media\/1555"}],"wp:attachment":[{"href":"https:\/\/www.gradski-muzej-krizevci.hr\/index.php?rest_route=%2Fwp%2Fv2%2Fmedia&parent=1551"}],"wp:term":[{"taxonomy":"category","embeddable":true,"href":"https:\/\/www.gradski-muzej-krizevci.hr\/index.php?rest_route=%2Fwp%2Fv2%2Fcategories&post=1551"},{"taxonomy":"post_tag","embeddable":true,"href":"https:\/\/www.gradski-muzej-krizevci.hr\/index.php?rest_route=%2Fwp%2Fv2%2Ftags&post=1551"}],"curies":[{"name":"wp","href":"https:\/\/api.w.org\/{rel}","templated":true}]}}