{"id":1558,"date":"2020-03-14T14:30:31","date_gmt":"2020-03-14T13:30:31","guid":{"rendered":"http:\/\/www.gradski-muzej-krizevci.hr\/?p=1558"},"modified":"2022-11-18T23:28:09","modified_gmt":"2022-11-18T22:28:09","slug":"1558","status":"publish","type":"post","link":"https:\/\/www.gradski-muzej-krizevci.hr\/?p=1558","title":{"rendered":"Obavijest o preventivnim mjerama koje Gradski muzej Kri\u017eevci poduzima u cilju za\u0161tite od Koronavirusa (COVID-19)"},"content":{"rendered":"<p>OBAVIJEST O PREVENTIVNIM MJERAMA KOJE GRADSKI MUZEJ KRI\u017dEVCI PODUZIMA U CILJU ZA\u0160TITE OD KORONAVIRUSA (COVID-19):<\/p>\n<p>Po\u0161tovani posjetitelji,<\/p>\n<p>obzirom na preporuke Hrvatskog zavoda za javno zdravstvo i Sto\u017eera civilne za\u0161tite RH, obavije\u0161tavamo vas kako \u0107emo do daljnjega odgoditi sve na\u0161e programe te smo otkazali sve grupne posjete u muzejski i galerijski prostor.<span class=\"text_exposed_show\"><br \/>\nTako\u0111er smo primijenili sve preporu\u010dene preventivne mjere.<\/span><\/p>\n<div class=\"text_exposed_show\">\n<p>Upute Hrvatskog zavoda za javno zdravstvo vezane uz preventivnu za\u0161titu od koronavirusa (COVID-19) postavljene su u tiskanom obliku u muzeju.<\/p>\n<p>Na mre\u017enim stranicama Ministarstva zdravstva i <a href=\"https:\/\/www.hzjz.hr\/sluzba-epidemiologija-zarazne-bolesti\/koronavirus-najnovije-preporuke\/\">Hrvatskog zavoda za javno zdravstvo<\/a> objavljuju se najnovija saznanja o koronavirusu i mjerama prevencije: <strong><a href=\"https:\/\/zdravlje.gov.hr\/corona-virus-i-mjere-prevencije\/4952\" target=\"_blank\" rel=\"noopener noreferrer\">https:\/\/zdravlje.gov.hr\/corona-virus-i-mjere-prevencije\/4952<\/a><\/strong><\/p>\n<p>&nbsp;<\/p>\n<p><strong><a href=\"https:\/\/www.min-kulture.hr\/default.aspx?id=24292\">MINISTARSTVO KULTURE REPUBLIKE HRVATSKE<\/a><\/strong><\/p>\n<p><strong><a href=\"https:\/\/krizevci.hr\/dodatne-upute-za-sprecavanje-sirenja-covid-19\/\">Dodatne upute za spre\u010davanje \u0161irenja COVID-19<\/a><\/strong><\/p>\n<p><strong><a href=\"https:\/\/krizevci.hr\/stozer-civilne-zastite-grada-krizevaca-donio-preporuku-o-odgodi-svih-javnih-okupljanja\/\">Sto\u017eer civilne za\u0161tite Grada Kri\u017eevaca donio preporuku o odgodi svih javnih okupljanja<\/a><\/strong><\/p>\n<\/div>\n","protected":false},"excerpt":{"rendered":"<p>OBAVIJEST O PREVENTIVNIM MJERAMA KOJE GRADSKI MUZEJ KRI\u017dEVCI PODUZIMA U CILJU ZA\u0160TITE OD KORONAVIRUSA (COVID-19): Po\u0161tovani posjetitelji, obzirom na preporuke Hrvatskog zavoda za javno zdravstvo i Sto\u017eera civilne za\u0161tite RH,&hellip;<\/p>\n","protected":false},"author":4,"featured_media":1548,"comment_status":"closed","ping_status":"closed","sticky":false,"template":"","format":"standard","meta":{"_bbp_topic_count":0,"_bbp_reply_count":0,"_bbp_total_topic_count":0,"_bbp_total_reply_count":0,"_bbp_voice_count":0,"_bbp_anonymous_reply_count":0,"_bbp_topic_count_hidden":0,"_bbp_reply_count_hidden":0,"_bbp_forum_subforum_count":0,"footnotes":""},"categories":[331],"tags":[111],"class_list":["post-1558","post","type-post","status-publish","format-standard","has-post-thumbnail","hentry","category-obavijest","tag-obavijest-o-preventivnim-mjerama-koje-gradski-muzej-poduzima-u-cilju-zastite-od-koronavirusa-covid-19"],"_links":{"self":[{"href":"https:\/\/www.gradski-muzej-krizevci.hr\/index.php?rest_route=\/wp\/v2\/posts\/1558","targetHints":{"allow":["GET"]}}],"collection":[{"href":"https:\/\/www.gradski-muzej-krizevci.hr\/index.php?rest_route=\/wp\/v2\/posts"}],"about":[{"href":"https:\/\/www.gradski-muzej-krizevci.hr\/index.php?rest_route=\/wp\/v2\/types\/post"}],"author":[{"embeddable":true,"href":"https:\/\/www.gradski-muzej-krizevci.hr\/index.php?rest_route=\/wp\/v2\/users\/4"}],"replies":[{"embeddable":true,"href":"https:\/\/www.gradski-muzej-krizevci.hr\/index.php?rest_route=%2Fwp%2Fv2%2Fcomments&post=1558"}],"version-history":[{"count":7,"href":"https:\/\/www.gradski-muzej-krizevci.hr\/index.php?rest_route=\/wp\/v2\/posts\/1558\/revisions"}],"predecessor-version":[{"id":1566,"href":"https:\/\/www.gradski-muzej-krizevci.hr\/index.php?rest_route=\/wp\/v2\/posts\/1558\/revisions\/1566"}],"wp:featuredmedia":[{"embeddable":true,"href":"https:\/\/www.gradski-muzej-krizevci.hr\/index.php?rest_route=\/wp\/v2\/media\/1548"}],"wp:attachment":[{"href":"https:\/\/www.gradski-muzej-krizevci.hr\/index.php?rest_route=%2Fwp%2Fv2%2Fmedia&parent=1558"}],"wp:term":[{"taxonomy":"category","embeddable":true,"href":"https:\/\/www.gradski-muzej-krizevci.hr\/index.php?rest_route=%2Fwp%2Fv2%2Fcategories&post=1558"},{"taxonomy":"post_tag","embeddable":true,"href":"https:\/\/www.gradski-muzej-krizevci.hr\/index.php?rest_route=%2Fwp%2Fv2%2Ftags&post=1558"}],"curies":[{"name":"wp","href":"https:\/\/api.w.org\/{rel}","templated":true}]}}