{"id":2104,"date":"2020-07-01T09:00:15","date_gmt":"2020-07-01T08:00:15","guid":{"rendered":"http:\/\/www.gradski-muzej-krizevci.hr\/?p=2104"},"modified":"2022-11-18T23:21:48","modified_gmt":"2022-11-18T22:21:48","slug":"pop-up-izlozba-ana-petek-tisina","status":"publish","type":"post","link":"https:\/\/www.gradski-muzej-krizevci.hr\/?p=2104","title":{"rendered":"Pop up izlo\u017eba: Ana Petek &#8220;Ti\u0161ina&#8221;"},"content":{"rendered":"<p style=\"text-align: center;\"><strong>POP UP IZLO\u017dBA: ANA PETEK &#8220;Ti\u0161ina&#8221;<\/strong><\/p>\n<p style=\"text-align: center;\"><strong>Atrij Likovne galerije Gradskog muzeja Kri\u017eevci<\/strong><\/p>\n<p style=\"text-align: center;\"><strong>2. srpnja 2020. od 10 do 13 sati<\/strong><\/p>\n<p style=\"text-align: center;\"><strong>DRUGO KRI\u017dEVA\u010cKO LIKOVNO LJETO<\/strong><\/p>\n<p>Ana Petek predstavit \u0107e se serijom od dvadesetak fotografija pod zajedni\u010dkim nazivom \u201cTi\u0161ina\u201d. Za vrijeme trajanja izlo\u017ebe posjetitelji \u0107e imati prilike, osim u\u017eivati u motivima kojima su zaokupljene fotografije, upoznati i mladu ve\u0107 nagra\u0111ivanu kri\u017eeva\u010dku autoricu.<\/p>\n<p>Ana Petek ro\u0111ena je 3.7.1992. u Koprivnici. Samouka je fotografkinja. Sudjelovala je na<br \/>\nnekoliko skupnih izlo\u017ebi, a 2017. osvojila je prvo mjesto na izlo\u017ebi \u201cKri\u017eevci okom kamere\u201d.<br \/>\nInspiraciju pronalazi u detaljima i prizorima koji uglavnom prolaze nezapa\u017eeni.<\/p>\n<p>Zahvaljujemo Ministarstvu kulture Republike Hrvatske, Gradu Kri\u017eevcima i <span class=\"im\">Koprivni\u010dko \u2013 kri\u017eeva\u010dkoj \u017eupaniji koji su financirali realizaciju <\/span>programa. Zahvaljujemo svim ustanovama i pojedincima koji su pomogli u ostvarenju projekta Kri\u017eeva\u010dko likovno ljeto.<\/p>\n<p>&nbsp;<\/p>\n<p>Na ulazu u Atrij i Likovnu galeriju nalazi se dezinfekcijsko sredstvo za posjetitelje, koji su obavezni dezinficirati ruke pri ulasku u Galeriju. Posjetitelji su du\u017eni odr\u017eavati razmak od 2 metra.<br \/>\nOstale povr\u0161ine za koje se uo\u010di da ih posjetitelji \u010desto dodiruju, redovito \u0107e se dezinficirati.<\/p>\n<p>&nbsp;<\/p>\n","protected":false},"excerpt":{"rendered":"<p>POP UP IZLO\u017dBA: ANA PETEK &#8220;Ti\u0161ina&#8221; Atrij Likovne galerije Gradskog muzeja Kri\u017eevci 2. srpnja 2020. od 10 do 13 sati DRUGO KRI\u017dEVA\u010cKO LIKOVNO LJETO Ana Petek predstavit \u0107e se serijom&hellip;<\/p>\n","protected":false},"author":4,"featured_media":2105,"comment_status":"closed","ping_status":"closed","sticky":false,"template":"","format":"standard","meta":{"_bbp_topic_count":0,"_bbp_reply_count":0,"_bbp_total_topic_count":0,"_bbp_total_reply_count":0,"_bbp_voice_count":0,"_bbp_anonymous_reply_count":0,"_bbp_topic_count_hidden":0,"_bbp_reply_count_hidden":0,"_bbp_forum_subforum_count":0,"footnotes":""},"categories":[329],"tags":[128],"class_list":["post-2104","post","type-post","status-publish","format-standard","has-post-thumbnail","hentry","category-izlozba","tag-pop-up-izlozba-ana-petek-tisina-atrij-likovne-galerije-gradskog-muzeja-krizevci-2-srpnja-2020-od-10-do-13-sati-drugo-krizevacko-likovno-ljeto"],"_links":{"self":[{"href":"https:\/\/www.gradski-muzej-krizevci.hr\/index.php?rest_route=\/wp\/v2\/posts\/2104","targetHints":{"allow":["GET"]}}],"collection":[{"href":"https:\/\/www.gradski-muzej-krizevci.hr\/index.php?rest_route=\/wp\/v2\/posts"}],"about":[{"href":"https:\/\/www.gradski-muzej-krizevci.hr\/index.php?rest_route=\/wp\/v2\/types\/post"}],"author":[{"embeddable":true,"href":"https:\/\/www.gradski-muzej-krizevci.hr\/index.php?rest_route=\/wp\/v2\/users\/4"}],"replies":[{"embeddable":true,"href":"https:\/\/www.gradski-muzej-krizevci.hr\/index.php?rest_route=%2Fwp%2Fv2%2Fcomments&post=2104"}],"version-history":[{"count":3,"href":"https:\/\/www.gradski-muzej-krizevci.hr\/index.php?rest_route=\/wp\/v2\/posts\/2104\/revisions"}],"predecessor-version":[{"id":2239,"href":"https:\/\/www.gradski-muzej-krizevci.hr\/index.php?rest_route=\/wp\/v2\/posts\/2104\/revisions\/2239"}],"wp:featuredmedia":[{"embeddable":true,"href":"https:\/\/www.gradski-muzej-krizevci.hr\/index.php?rest_route=\/wp\/v2\/media\/2105"}],"wp:attachment":[{"href":"https:\/\/www.gradski-muzej-krizevci.hr\/index.php?rest_route=%2Fwp%2Fv2%2Fmedia&parent=2104"}],"wp:term":[{"taxonomy":"category","embeddable":true,"href":"https:\/\/www.gradski-muzej-krizevci.hr\/index.php?rest_route=%2Fwp%2Fv2%2Fcategories&post=2104"},{"taxonomy":"post_tag","embeddable":true,"href":"https:\/\/www.gradski-muzej-krizevci.hr\/index.php?rest_route=%2Fwp%2Fv2%2Ftags&post=2104"}],"curies":[{"name":"wp","href":"https:\/\/api.w.org\/{rel}","templated":true}]}}