{"id":2965,"date":"2021-05-14T09:13:31","date_gmt":"2021-05-14T08:13:31","guid":{"rendered":"http:\/\/www.gradski-muzej-krizevci.hr\/?p=2965"},"modified":"2022-11-18T23:08:38","modified_gmt":"2022-11-18T22:08:38","slug":"medunarodni-dan-muzeja-2021","status":"publish","type":"post","link":"https:\/\/www.gradski-muzej-krizevci.hr\/?p=2965","title":{"rendered":"ME\u0110UNARODNI DAN MUZEJA 2021"},"content":{"rendered":"<p><span style=\"color: #333399;\"><strong>Me\u0111unarodni dan muzeja 2021 &#8211; Budu\u0107nost muzeja: oporavak i ponovno osmi\u0161ljavanje<\/strong><\/span><\/p>\n<p>Na Me\u0111unarodni dan muzeja, 18. svibnja, muzeji diljem svijeta skre\u0107u pozornost \u0161iroj javnosti na kulturnu ba\u0161tinu i ulogu muzeja u njenom komuniciranju. Me\u0111unarodna muzejska zajednica pokrenula je obilje\u017eavanje 1977. (ICOM), koje se od 1992. provodi na odre\u0111enu temu. Iniciranje obilje\u017eavanja u Hrvatskoj, vodi od 1980. Muzejski dokumentacijski centar, koji je ujedno promotor cijele manifestacije.<\/p>\n<p>S ciljem promoviranja svoga rada muzeji organiziraju razli\u010dita doga\u0111anja. U Hrvatskoj, programi posve\u0107eni manifestaciji zapo\u010dinju u travnju s realizacijom edukativne muzejske akcije (EMA-e), a zavr\u0161avaju na Me\u0111unarodni dan muzeja ili Europsku no\u0107 muzeja, koji se odr\u017eava vikendom najbli\u017eem datumu manifestacije.<\/p>\n<p><strong>Gradski muzej Kri\u017eevci, kao i svake godine, 18. svibnja obilje\u017eava Me\u0111unarodni dan muzeja svojim programom, a program i ulaz u Likovnu galeriju i Gradski muzej Kri\u017eevci je\u00a0BESPLATAN.<\/strong><\/p>\n<p>&nbsp;<\/p>\n<p><strong>9:00 ONLINE PREMIJERA\u00a0<\/strong><br \/>\n<a href=\"https:\/\/youtu.be\/UsBRqMjonnE\" target=\"_blank\" rel=\"noopener noreferrer\" data-saferedirecturl=\"https:\/\/www.google.com\/url?q=https:\/\/youtu.be\/UsBRqMjonnE&amp;source=gmail&amp;ust=1620979629260000&amp;usg=AFQjCNFyGyYbuKx5HdvlMKTEjP1aTSX0Rg\">https:\/\/youtu.be\/UsBRqMjonnE<\/a><\/p>\n<p><strong>120 godina Veterinarskog zavoda u Kri\u017eevcima: vodstvo kroz izlo\u017ebu<\/strong><\/p>\n<p><img loading=\"lazy\" decoding=\"async\" class=\"alignnone size-medium wp-image-2971\" src=\"http:\/\/www.gradski-muzej-krizevci.hr\/wp-content\/uploads\/2021\/05\/veterinarski-300x212.jpg\" alt=\"\" width=\"300\" height=\"212\" srcset=\"https:\/\/www.gradski-muzej-krizevci.hr\/wp-content\/uploads\/2021\/05\/veterinarski-300x212.jpg 300w, https:\/\/www.gradski-muzej-krizevci.hr\/wp-content\/uploads\/2021\/05\/veterinarski-1024x724.jpg 1024w, https:\/\/www.gradski-muzej-krizevci.hr\/wp-content\/uploads\/2021\/05\/veterinarski-768x543.jpg 768w, https:\/\/www.gradski-muzej-krizevci.hr\/wp-content\/uploads\/2021\/05\/veterinarski-1536x1086.jpg 1536w, https:\/\/www.gradski-muzej-krizevci.hr\/wp-content\/uploads\/2021\/05\/veterinarski-1600x1131.jpg 1600w, https:\/\/www.gradski-muzej-krizevci.hr\/wp-content\/uploads\/2021\/05\/veterinarski.jpg 2048w\" sizes=\"auto, (max-width: 300px) 100vw, 300px\" \/><\/p>\n<p>Izlo\u017eba \u201c120 godina Veterinarskog zavoda u Kri\u017eevcima\u201d Likovna galerija Gradskog muzeja Kri\u017eevci 22. 4. 2021. \u2013 22. 5. 2021. Ove godine obilje\u017eava se 120 godina od kada je u okviru Vi\u0161eg gospodarskog u\u010dili\u0161ta osnovan Kraljevski hrvatsko-slavonski bakteriolo\u0161ki zavod u Kri\u017eevcima, danas Veterinarski zavod u Kri\u017eevcima, kao prva ustanova takve vrste u jugoisto\u010dnoj Europi. Kroz svoju bogatu pro\u0161lost u ovoj su ustanovi stasali ili radili neki od najznamenitijih hrvatskih veterinara, brojni sveu\u010dili\u0161ni profesori i akademici. Izvorno mali dijagnosti\u010dki zavod postao je izme\u0111u Prvoga i Drugoga svjetskog rata va\u017ena proizvodna ustanova za sto\u010dna cjepiva, a nakon Drugoga svjetskog rata jedno od prvih mjesta gdje se suzbijala neplodnost goveda i provodilo umjetno osjemenjivanje stoke. Danas je Veterinarski zavod u Kri\u017eevcima dio Hrvatskog veterinarskog instituta, i jedan od pet takvih zavoda u Hrvatskoj. Gradski muzej Kri\u017eevci i Veterinarski zavod u Kri\u017eevcima zajedni\u010dki su organizirali izlo\u017ebu \u201c120 godina Veterinarskog zavoda u Kri\u017eevcima\u201d koja \u0107e biti otvorena od 22. travnja 2021. Na izlo\u017ebi je prikazana povijest Veterinarskog zavoda, njegovi ravnatelji, te sada\u0161nje aktivnosti zavoda.<\/p>\n<p>Autori izlo\u017ebe su Ozren Blagec, dipl. pov., akademik \u017deljko Cvetni\u0107, Tea Hatadi, prof. i dr. sc. Ana Kon\u010durat. Tekstove za izlo\u017ebu i katalog pripremili su autori: Ozren Blagec, dipl. pov., akademik \u017deljko Cvetni\u0107, dr. sc. Ana Kon\u010durat, dr. sc. Darko Majnari\u0107, Damir Pavli\u010dek, mag. chem. i dr. sc. Tomislav Sukali\u0107.<\/p>\n<p>Izlo\u017eba i katalog realizirani su u suradnji Gradskog muzeja Kri\u017eevci i Veterinarskog zavoda u Kri\u017eevcima uz potporu Ministarstva kulture i medija Republike Hrvatske, Koprivni\u010dko-kri\u017eeva\u010dke \u017eupanije i Grada Kri\u017eevaca.<br \/>\nVodstvo kroz postav izlo\u017ebe: vi\u0161i kustos Gradskog muzeja Kri\u017eevci Ozren Blagec i dr. sc. Ana Kon\u010durat, Veterinarski zavod u Kri\u017eevcima; Kamera: Tea Hatad; Monta\u017ea: Igor Juran; Produkcija: Gradski muzej Kri\u017eevci, 2021.<\/p>\n<p>&nbsp;<\/p>\n<p><strong>9:30 ONLINE PREMIJERA<\/strong><br \/>\n<a href=\"https:\/\/youtu.be\/S4lBIv07ZVI\" target=\"_blank\" rel=\"noopener noreferrer\" data-saferedirecturl=\"https:\/\/www.google.com\/url?q=https:\/\/youtu.be\/S4lBIv07ZVI&amp;source=gmail&amp;ust=1620979629602000&amp;usg=AFQjCNGrdZapHxt62NsucVDDrLvt-TbU6w\">https:\/\/youtu.be\/S4lBIv07ZVI<\/a><br \/>\n<strong>Osvrt na kasnobron\u010danodobno nalazi\u0161te Kalnik &#8211; Igri\u0161\u010de\u00a0<\/strong><\/p>\n<p><img loading=\"lazy\" decoding=\"async\" class=\"alignnone size-medium wp-image-2968\" src=\"http:\/\/www.gradski-muzej-krizevci.hr\/wp-content\/uploads\/2021\/05\/igrisce-300x225.jpg\" alt=\"\" width=\"300\" height=\"225\" srcset=\"https:\/\/www.gradski-muzej-krizevci.hr\/wp-content\/uploads\/2021\/05\/igrisce-300x225.jpg 300w, https:\/\/www.gradski-muzej-krizevci.hr\/wp-content\/uploads\/2021\/05\/igrisce-768x576.jpg 768w, https:\/\/www.gradski-muzej-krizevci.hr\/wp-content\/uploads\/2021\/05\/igrisce.jpg 1024w\" sizes=\"auto, (max-width: 300px) 100vw, 300px\" \/><\/p>\n<p>Video\u00a0ukratko predstavlja kasnobron\u010danodobno nalazi\u0161te Kalnik \u2013 Igri\u0161\u010de. Na ovom lokalitetu istra\u017een je, u suradnji Gradskog muzeja Kri\u017eevci i Arheolo\u0161kog zavoda Filozofskog Fakulteta u Zagrebu, u razdoblju od 1988. \u2013 1990. g., dio naselja starije faze kulture polja sa \u017earama (14. \u2013 11. st. pr. Kr.) s ognji\u0161tima i kalupima za lijevanje koji upu\u0107uju na proizvodnju manjih svakodnevnih predmeta, odnosno navode na zaklju\u010dak o razvijenoj metalur\u0161koj djelatnosti. Nastavkom istra\u017eivanja koje je uslijedio 2006. g. na poticaj Instituta za arheologiju utvr\u0111eno je postojanje naselja i mla\u0111e faze kulture polja sa \u017earama (11. \u2013 8. st pr. Kr.). Istra\u017eena je opo\u017earena kasnobron\u010danodobna ku\u0107a, kao i metalur\u0161ka ljeva\u010dka radionica koja je postojala i u ovome dijelu naselja. U Gradskom muzeju Kri\u017eevci u tijeku je obrada lon\u010darije s novijih istra\u017eivanja koju Institut za arheologiju provodi i u sklopu projekta Tehnolo\u0161ke zna\u010dajke i kulturne prakse u prapovijesnim lon\u010darskim tradicijama na podru\u010dju Hrvatske &#8211; prePOT (HRZZ-UIP-2020-02-3637).<\/p>\n<p>Vodstvo kroz stalni postav: muzejska savjetnica Gradskog muzeja Kri\u017eevci mr. sc. Lana Okro\u0161a Ro\u017ei\u0107; Obradu gra\u0111e ispred Instituta za arheologiju vr\u0161e: dr. sc. Snje\u017eana Vrdoljak, dr. sc. Andreja Kudeli\u0107 i diplomantica Mia Marijan; Kamera: Tea Hatadi;\u00a0Monta\u017ea: Igor Juran; Produkcija: Gradski muzej Kri\u017eevci, 2021.<\/p>\n<p>&nbsp;<\/p>\n<p><strong>10:00 &#8211; 20:00 IZLO\u017dBA U LIKOVNOJ GALERIJI<\/strong><br \/>\n<a href=\"http:\/\/www.gradski-muzej-krizevci.hr\/?p=2915\" target=\"_blank\" rel=\"noopener noreferrer\">http:\/\/www.gradski-muzej-krizevci.hr\/?p=2915<\/a><br \/>\n<strong>Likovna galerija Gradskog muzeja Kri\u017eevci: 120 godina Veterinarskog zavoda u Kri\u017eevcima<\/strong><\/p>\n<p><img loading=\"lazy\" decoding=\"async\" class=\"alignnone size-medium wp-image-2972\" src=\"http:\/\/www.gradski-muzej-krizevci.hr\/wp-content\/uploads\/2021\/05\/izlozba-300x225.jpg\" alt=\"\" width=\"300\" height=\"225\" srcset=\"https:\/\/www.gradski-muzej-krizevci.hr\/wp-content\/uploads\/2021\/05\/izlozba-300x225.jpg 300w, https:\/\/www.gradski-muzej-krizevci.hr\/wp-content\/uploads\/2021\/05\/izlozba-768x576.jpg 768w, https:\/\/www.gradski-muzej-krizevci.hr\/wp-content\/uploads\/2021\/05\/izlozba.jpg 1000w\" sizes=\"auto, (max-width: 300px) 100vw, 300px\" \/><\/p>\n<p>&nbsp;<\/p>\n<p><strong>10:00 &#8211; 18:00 STALNI POSTAV GRADSKOG MUZEJA KRI\u017dEVCI<\/strong><br \/>\n<strong>ULAZ BESPLATAN!<\/strong><\/p>\n<p><img loading=\"lazy\" decoding=\"async\" class=\"alignnone size-medium wp-image-2970\" src=\"http:\/\/www.gradski-muzej-krizevci.hr\/wp-content\/uploads\/2021\/05\/postav-300x200.jpg\" alt=\"\" width=\"300\" height=\"200\" srcset=\"https:\/\/www.gradski-muzej-krizevci.hr\/wp-content\/uploads\/2021\/05\/postav-300x200.jpg 300w, https:\/\/www.gradski-muzej-krizevci.hr\/wp-content\/uploads\/2021\/05\/postav-1024x683.jpg 1024w, https:\/\/www.gradski-muzej-krizevci.hr\/wp-content\/uploads\/2021\/05\/postav-768x512.jpg 768w, https:\/\/www.gradski-muzej-krizevci.hr\/wp-content\/uploads\/2021\/05\/postav.jpg 1200w\" sizes=\"auto, (max-width: 300px) 100vw, 300px\" \/><\/p>\n<p>&nbsp;<\/p>\n<p><strong>10:30 &#8211; 11:30 GLAZBENI PROGRAM DOBRODO\u0160LICE U ATRIJU LIKOVNE GALERIJE<br \/>\nDoris Karamati\u0107: Relaxing Harp &#8211; filmski soundtrack<\/strong><\/p>\n<p><img loading=\"lazy\" decoding=\"async\" class=\"alignnone size-medium wp-image-2967\" src=\"http:\/\/www.gradski-muzej-krizevci.hr\/wp-content\/uploads\/2021\/05\/harfa-300x300.jpg\" alt=\"\" width=\"300\" height=\"300\" srcset=\"https:\/\/www.gradski-muzej-krizevci.hr\/wp-content\/uploads\/2021\/05\/harfa-300x300.jpg 300w, https:\/\/www.gradski-muzej-krizevci.hr\/wp-content\/uploads\/2021\/05\/harfa-1024x1024.jpg 1024w, https:\/\/www.gradski-muzej-krizevci.hr\/wp-content\/uploads\/2021\/05\/harfa-150x150.jpg 150w, https:\/\/www.gradski-muzej-krizevci.hr\/wp-content\/uploads\/2021\/05\/harfa-768x768.jpg 768w, https:\/\/www.gradski-muzej-krizevci.hr\/wp-content\/uploads\/2021\/05\/harfa.jpg 1080w\" sizes=\"auto, (max-width: 300px) 100vw, 300px\" \/><\/p>\n<p>U atriju Likovne galerije Gradskog muzeja Kri\u017eevci harfistica Doris Karamati\u0107 za sve posjetitelje Me\u0111unarodnog dana muzeja pripremila program pod nazivom\u00a0<strong>Relaxing Harp &#8211; filmski soundtrack<\/strong>,\u00a0 a kako i u samom nazivu stoji, mo\u0107i \u0107ete u\u017eivati u glazbi najpoznatijih tema iz filmova poput Flashdance, Kosa, Mambo Kings, Shrek, Schindlers list, 007.. Sve to\u00a0uz opu\u0161taju\u0107e\u00a0zvukove harfe.<\/p>\n<p>Svoje glazbeno putovanje Doris Karamati\u0107 zapo\u010dela je u glazbenoj \u0161koli \u201eJosip Hatze\u201c u Splitu, maturirala harfu u klasi prof. B. Janjanin te diplomirala 1996 g. na Glazbenoj Akademiji u Zagrebu u klasi prof. M. Mlinar. Znanja iz jazza i improvizacije usavr\u0161ava u Be\u010du u klasi prof. M. Stadler. Od 2000.g. je stalna \u010dlanica orkestra GK \u201eKOMEDIJA\u201c.<br \/>\nKako harfu vidi instrumentom koji mo\u017ee dati puno vi\u0161e od tipi\u010dnog an\u0111eoskog zvuka, svoj repertoar \u0161iri u rasponu klasike preko jazza do rocka i heavy metala. Sura\u0111uje s mnogim glazbenicima u Hrvatskoj i Europi: Maxim Mrvica, Ana Rucner, Psihomodo Pop, Bambi Molesters, Terry Lee Hale, Tim Story, Joachim Roedelius, Danijela Martinovi\u0107, Renata Sabljak ,Nina Kralji\u0107, Marko Tolja, Sa\u0161a Lozar\u2026<br \/>\nGodine 2008. osniva band D STRINGS TRIO koji izvodi instrumentalne obrade rock i heavy metal klasika, 2010. pokre\u0107e autorski projekt STAND DOWN HARP (glazbeni stand up na engleskom jeziku), 2011. svojim nastupima dodaje i LASERSKU harfu, 2013. pokre\u0107e projekt GLAZBA SUSRE\u0106E RIJE\u010cI (temarske ve\u010deri glazbe i poezije) u GK Gavella, te 2017. izvodi prvi hrvatski glazbeni stand up ME, MYSELF &amp; HARP. U suradnji s Glazbenom mlade\u017ei pokre\u0107e i edukativni projekt HARFA, TI I JA.<br \/>\n2020.g. pokre\u0107e svoj YouTube kanal RELAXING HARP, a 7. 5. 2020. u suradnji sa Zabavnim radiom svira na otvorenom prvi dozvoljeni koncert s publikom. Te iste godine postaje i prva harfistica u Europi koja je odr\u017eala koncert na planini.<br \/>\n2021 g. upisuje doktorat iz Muzikoterapije, osvaja srebrnu medalju na me\u0111unarodnom PRAH-A HARP festivalu, te polaganjem audicije postaje \u010dlanicom najve\u0107eg svjetskog streaming servisa Live Sessions i odr\u017eava gotovo svakodnevno koncerte iz svoje \u201ednevne sobe\u201c.<\/p>\n","protected":false},"excerpt":{"rendered":"<p>Me\u0111unarodni dan muzeja 2021 &#8211; Budu\u0107nost muzeja: oporavak i ponovno osmi\u0161ljavanje Na Me\u0111unarodni dan muzeja, 18. svibnja, muzeji diljem svijeta skre\u0107u pozornost \u0161iroj javnosti na kulturnu ba\u0161tinu i ulogu muzeja&hellip;<\/p>\n","protected":false},"author":2,"featured_media":2978,"comment_status":"closed","ping_status":"closed","sticky":false,"template":"","format":"standard","meta":{"_bbp_topic_count":0,"_bbp_reply_count":0,"_bbp_total_topic_count":0,"_bbp_total_reply_count":0,"_bbp_voice_count":0,"_bbp_anonymous_reply_count":0,"_bbp_topic_count_hidden":0,"_bbp_reply_count_hidden":0,"_bbp_forum_subforum_count":0,"footnotes":""},"categories":[330],"tags":[],"class_list":["post-2965","post","type-post","status-publish","format-standard","has-post-thumbnail","hentry","category-manifestacija"],"_links":{"self":[{"href":"https:\/\/www.gradski-muzej-krizevci.hr\/index.php?rest_route=\/wp\/v2\/posts\/2965","targetHints":{"allow":["GET"]}}],"collection":[{"href":"https:\/\/www.gradski-muzej-krizevci.hr\/index.php?rest_route=\/wp\/v2\/posts"}],"about":[{"href":"https:\/\/www.gradski-muzej-krizevci.hr\/index.php?rest_route=\/wp\/v2\/types\/post"}],"author":[{"embeddable":true,"href":"https:\/\/www.gradski-muzej-krizevci.hr\/index.php?rest_route=\/wp\/v2\/users\/2"}],"replies":[{"embeddable":true,"href":"https:\/\/www.gradski-muzej-krizevci.hr\/index.php?rest_route=%2Fwp%2Fv2%2Fcomments&post=2965"}],"version-history":[{"count":6,"href":"https:\/\/www.gradski-muzej-krizevci.hr\/index.php?rest_route=\/wp\/v2\/posts\/2965\/revisions"}],"predecessor-version":[{"id":2976,"href":"https:\/\/www.gradski-muzej-krizevci.hr\/index.php?rest_route=\/wp\/v2\/posts\/2965\/revisions\/2976"}],"wp:featuredmedia":[{"embeddable":true,"href":"https:\/\/www.gradski-muzej-krizevci.hr\/index.php?rest_route=\/wp\/v2\/media\/2978"}],"wp:attachment":[{"href":"https:\/\/www.gradski-muzej-krizevci.hr\/index.php?rest_route=%2Fwp%2Fv2%2Fmedia&parent=2965"}],"wp:term":[{"taxonomy":"category","embeddable":true,"href":"https:\/\/www.gradski-muzej-krizevci.hr\/index.php?rest_route=%2Fwp%2Fv2%2Fcategories&post=2965"},{"taxonomy":"post_tag","embeddable":true,"href":"https:\/\/www.gradski-muzej-krizevci.hr\/index.php?rest_route=%2Fwp%2Fv2%2Ftags&post=2965"}],"curies":[{"name":"wp","href":"https:\/\/api.w.org\/{rel}","templated":true}]}}