{"id":3157,"date":"2021-07-11T13:01:52","date_gmt":"2021-07-11T12:01:52","guid":{"rendered":"http:\/\/www.gradski-muzej-krizevci.hr\/?p=3157"},"modified":"2022-11-18T23:06:43","modified_gmt":"2022-11-18T22:06:43","slug":"pop-up-izlozba-klk-juniori-recentno","status":"publish","type":"post","link":"https:\/\/www.gradski-muzej-krizevci.hr\/?p=3157","title":{"rendered":"Pop up izlo\u017eba: KLK JUNIORI &#8220;Recentno&#8221;"},"content":{"rendered":"<h5><strong>3. KRI\u017dEVA\u010cKO LIKOVNO LJETO<\/strong><\/h5>\n<p><b>12. 7. 2021. od 10 do 13 sati<\/b><\/p>\n<p><b>POP UP IZLO\u017dBA: KLK JUNIORI \u201cRECENTNO\u201d<\/b><\/p>\n<p><b>Atrij Likovne galerije Gradskog muzeja Kri\u017eevci<span class=\"Apple-converted-space\">\u00a0<\/span><\/b><\/p>\n<p>Kri\u017eeva\u010dki likovni krug pro\u0161irio je svoje djelovanje od pro\u0161le godine i na najmla\u0111e, te se formirala juniorska grupa. Upravo prva izlo\u017eba odr\u017eala se u sklopu Drugog Kri\u017eeva\u010dkog likovnog ljeta u Atriju Likovne galerije Gradskog muzeja Kri\u017eevci, pa \u0107e se njihova nova izlo\u017eba odr\u017eati i u sklopu ovogodi\u0161njeg Kri\u017eeva\u010dkog likovnog ljeta. Uz predstavljanje radova u Atriju na\u0161e Likovne galerije mo\u0107i \u0107ete se dru\u017eiti s malim polaznicima i saznati sve o aktivnostima KLK-a.<\/p>\n<div id='gallery-1' class='gallery galleryid-3157 gallery-columns-6 gallery-size-thumbnail'><figure class='gallery-item'>\n\t\t\t<div class='gallery-icon landscape'>\n\t\t\t\t<a title=\"IMG_3054\" href='https:\/\/www.gradski-muzej-krizevci.hr\/wp-content\/uploads\/2021\/07\/IMG_3054.jpg'><img loading=\"lazy\" decoding=\"async\" width=\"150\" height=\"150\" src=\"https:\/\/www.gradski-muzej-krizevci.hr\/wp-content\/uploads\/2021\/07\/IMG_3054-150x150.jpg\" class=\"attachment-thumbnail size-thumbnail\" alt=\"\" \/><\/a>\n\t\t\t<\/div><\/figure><figure class='gallery-item'>\n\t\t\t<div class='gallery-icon landscape'>\n\t\t\t\t<a title=\"IMG_3055\" href='https:\/\/www.gradski-muzej-krizevci.hr\/wp-content\/uploads\/2021\/07\/IMG_3055.jpg'><img loading=\"lazy\" decoding=\"async\" width=\"150\" height=\"150\" src=\"https:\/\/www.gradski-muzej-krizevci.hr\/wp-content\/uploads\/2021\/07\/IMG_3055-150x150.jpg\" class=\"attachment-thumbnail size-thumbnail\" alt=\"\" \/><\/a>\n\t\t\t<\/div><\/figure><figure class='gallery-item'>\n\t\t\t<div class='gallery-icon landscape'>\n\t\t\t\t<a title=\"IMG_3056\" href='https:\/\/www.gradski-muzej-krizevci.hr\/wp-content\/uploads\/2021\/07\/IMG_3056.jpg'><img loading=\"lazy\" decoding=\"async\" width=\"150\" height=\"150\" src=\"https:\/\/www.gradski-muzej-krizevci.hr\/wp-content\/uploads\/2021\/07\/IMG_3056-150x150.jpg\" class=\"attachment-thumbnail size-thumbnail\" alt=\"\" \/><\/a>\n\t\t\t<\/div><\/figure><figure class='gallery-item'>\n\t\t\t<div class='gallery-icon landscape'>\n\t\t\t\t<a title=\"IMG_3068\" href='https:\/\/www.gradski-muzej-krizevci.hr\/wp-content\/uploads\/2021\/07\/IMG_3068.jpg'><img loading=\"lazy\" decoding=\"async\" width=\"150\" height=\"150\" src=\"https:\/\/www.gradski-muzej-krizevci.hr\/wp-content\/uploads\/2021\/07\/IMG_3068-150x150.jpg\" class=\"attachment-thumbnail size-thumbnail\" alt=\"\" \/><\/a>\n\t\t\t<\/div><\/figure><figure class='gallery-item'>\n\t\t\t<div class='gallery-icon landscape'>\n\t\t\t\t<a title=\"IMG_3062\" href='https:\/\/www.gradski-muzej-krizevci.hr\/wp-content\/uploads\/2021\/07\/IMG_3062.jpg'><img loading=\"lazy\" decoding=\"async\" width=\"150\" height=\"150\" src=\"https:\/\/www.gradski-muzej-krizevci.hr\/wp-content\/uploads\/2021\/07\/IMG_3062-150x150.jpg\" class=\"attachment-thumbnail size-thumbnail\" alt=\"\" \/><\/a>\n\t\t\t<\/div><\/figure><figure class='gallery-item'>\n\t\t\t<div class='gallery-icon landscape'>\n\t\t\t\t<a title=\"IMG_3067\" href='https:\/\/www.gradski-muzej-krizevci.hr\/wp-content\/uploads\/2021\/07\/IMG_3067.jpg'><img loading=\"lazy\" decoding=\"async\" width=\"150\" height=\"150\" src=\"https:\/\/www.gradski-muzej-krizevci.hr\/wp-content\/uploads\/2021\/07\/IMG_3067-150x150.jpg\" class=\"attachment-thumbnail size-thumbnail\" alt=\"\" \/><\/a>\n\t\t\t<\/div><\/figure><figure class='gallery-item'>\n\t\t\t<div class='gallery-icon landscape'>\n\t\t\t\t<a title=\"IMG_3073\" href='https:\/\/www.gradski-muzej-krizevci.hr\/wp-content\/uploads\/2021\/07\/IMG_3073.jpg'><img loading=\"lazy\" decoding=\"async\" width=\"150\" height=\"150\" src=\"https:\/\/www.gradski-muzej-krizevci.hr\/wp-content\/uploads\/2021\/07\/IMG_3073-150x150.jpg\" class=\"attachment-thumbnail size-thumbnail\" alt=\"\" \/><\/a>\n\t\t\t<\/div><\/figure><figure class='gallery-item'>\n\t\t\t<div class='gallery-icon landscape'>\n\t\t\t\t<a title=\"IMG_3077\" href='https:\/\/www.gradski-muzej-krizevci.hr\/wp-content\/uploads\/2021\/07\/IMG_3077.jpg'><img loading=\"lazy\" decoding=\"async\" width=\"150\" height=\"150\" src=\"https:\/\/www.gradski-muzej-krizevci.hr\/wp-content\/uploads\/2021\/07\/IMG_3077-150x150.jpg\" class=\"attachment-thumbnail size-thumbnail\" alt=\"\" \/><\/a>\n\t\t\t<\/div><\/figure><figure class='gallery-item'>\n\t\t\t<div class='gallery-icon landscape'>\n\t\t\t\t<a title=\"IMG_3081\" href='https:\/\/www.gradski-muzej-krizevci.hr\/wp-content\/uploads\/2021\/07\/IMG_3081.jpg'><img loading=\"lazy\" decoding=\"async\" width=\"150\" height=\"150\" src=\"https:\/\/www.gradski-muzej-krizevci.hr\/wp-content\/uploads\/2021\/07\/IMG_3081-150x150.jpg\" class=\"attachment-thumbnail size-thumbnail\" alt=\"\" \/><\/a>\n\t\t\t<\/div><\/figure><figure class='gallery-item'>\n\t\t\t<div class='gallery-icon landscape'>\n\t\t\t\t<a title=\"IMG_3080\" href='https:\/\/www.gradski-muzej-krizevci.hr\/wp-content\/uploads\/2021\/07\/IMG_3080.jpg'><img loading=\"lazy\" decoding=\"async\" width=\"150\" height=\"150\" src=\"https:\/\/www.gradski-muzej-krizevci.hr\/wp-content\/uploads\/2021\/07\/IMG_3080-150x150.jpg\" class=\"attachment-thumbnail size-thumbnail\" alt=\"\" \/><\/a>\n\t\t\t<\/div><\/figure><figure class='gallery-item'>\n\t\t\t<div class='gallery-icon landscape'>\n\t\t\t\t<a title=\"IMG_3075\" href='https:\/\/www.gradski-muzej-krizevci.hr\/wp-content\/uploads\/2021\/07\/IMG_3075.jpg'><img loading=\"lazy\" decoding=\"async\" width=\"150\" height=\"150\" src=\"https:\/\/www.gradski-muzej-krizevci.hr\/wp-content\/uploads\/2021\/07\/IMG_3075-150x150.jpg\" class=\"attachment-thumbnail size-thumbnail\" alt=\"\" \/><\/a>\n\t\t\t<\/div><\/figure><figure class='gallery-item'>\n\t\t\t<div class='gallery-icon landscape'>\n\t\t\t\t<a title=\"IMG_3079\" href='https:\/\/www.gradski-muzej-krizevci.hr\/wp-content\/uploads\/2021\/07\/IMG_3079.jpg'><img loading=\"lazy\" decoding=\"async\" width=\"150\" height=\"150\" src=\"https:\/\/www.gradski-muzej-krizevci.hr\/wp-content\/uploads\/2021\/07\/IMG_3079-150x150.jpg\" class=\"attachment-thumbnail size-thumbnail\" alt=\"\" \/><\/a>\n\t\t\t<\/div><\/figure>\n\t\t<\/div>\n\n","protected":false},"excerpt":{"rendered":"<p>3. KRI\u017dEVA\u010cKO LIKOVNO LJETO 12. 7. 2021. od 10 do 13 sati POP UP IZLO\u017dBA: KLK JUNIORI \u201cRECENTNO\u201d Atrij Likovne galerije Gradskog muzeja Kri\u017eevci\u00a0 Kri\u017eeva\u010dki likovni krug pro\u0161irio je svoje&hellip;<\/p>\n","protected":false},"author":4,"featured_media":3158,"comment_status":"closed","ping_status":"closed","sticky":false,"template":"","format":"standard","meta":{"_bbp_topic_count":0,"_bbp_reply_count":0,"_bbp_total_topic_count":0,"_bbp_total_reply_count":0,"_bbp_voice_count":0,"_bbp_anonymous_reply_count":0,"_bbp_topic_count_hidden":0,"_bbp_reply_count_hidden":0,"_bbp_forum_subforum_count":0,"footnotes":""},"categories":[329],"tags":[],"class_list":["post-3157","post","type-post","status-publish","format-standard","has-post-thumbnail","hentry","category-izlozba"],"_links":{"self":[{"href":"https:\/\/www.gradski-muzej-krizevci.hr\/index.php?rest_route=\/wp\/v2\/posts\/3157","targetHints":{"allow":["GET"]}}],"collection":[{"href":"https:\/\/www.gradski-muzej-krizevci.hr\/index.php?rest_route=\/wp\/v2\/posts"}],"about":[{"href":"https:\/\/www.gradski-muzej-krizevci.hr\/index.php?rest_route=\/wp\/v2\/types\/post"}],"author":[{"embeddable":true,"href":"https:\/\/www.gradski-muzej-krizevci.hr\/index.php?rest_route=\/wp\/v2\/users\/4"}],"replies":[{"embeddable":true,"href":"https:\/\/www.gradski-muzej-krizevci.hr\/index.php?rest_route=%2Fwp%2Fv2%2Fcomments&post=3157"}],"version-history":[{"count":3,"href":"https:\/\/www.gradski-muzej-krizevci.hr\/index.php?rest_route=\/wp\/v2\/posts\/3157\/revisions"}],"predecessor-version":[{"id":3209,"href":"https:\/\/www.gradski-muzej-krizevci.hr\/index.php?rest_route=\/wp\/v2\/posts\/3157\/revisions\/3209"}],"wp:featuredmedia":[{"embeddable":true,"href":"https:\/\/www.gradski-muzej-krizevci.hr\/index.php?rest_route=\/wp\/v2\/media\/3158"}],"wp:attachment":[{"href":"https:\/\/www.gradski-muzej-krizevci.hr\/index.php?rest_route=%2Fwp%2Fv2%2Fmedia&parent=3157"}],"wp:term":[{"taxonomy":"category","embeddable":true,"href":"https:\/\/www.gradski-muzej-krizevci.hr\/index.php?rest_route=%2Fwp%2Fv2%2Fcategories&post=3157"},{"taxonomy":"post_tag","embeddable":true,"href":"https:\/\/www.gradski-muzej-krizevci.hr\/index.php?rest_route=%2Fwp%2Fv2%2Ftags&post=3157"}],"curies":[{"name":"wp","href":"https:\/\/api.w.org\/{rel}","templated":true}]}}