{"id":3236,"date":"2021-07-15T11:10:54","date_gmt":"2021-07-15T10:10:54","guid":{"rendered":"http:\/\/www.gradski-muzej-krizevci.hr\/?p=3236"},"modified":"2022-11-18T23:06:17","modified_gmt":"2022-11-18T22:06:17","slug":"pop-up-izlozba-franjo-kucko-pirografije-i-skulpture","status":"publish","type":"post","link":"https:\/\/www.gradski-muzej-krizevci.hr\/?p=3236","title":{"rendered":"POP UP IZLO\u017dBA: FRANJO KU\u010cKO \u201cPIROGRAFIJE I SKULPTURE\u201d"},"content":{"rendered":"<p style=\"text-align: center;\"><strong>3. KRI\u017dEVA\u010cKO LIKOVNO LJETO<\/strong><\/p>\n<p style=\"text-align: center;\"><strong style=\"font-family: inherit; font-size: 1rem;\">15. 7. 2021. od 10 do 13 sati<\/strong><\/p>\n<p style=\"text-align: center;\"><strong>POP UP IZLO\u017dBA: <\/strong><\/p>\n<p style=\"text-align: center;\"><strong>FRANJO KU\u010cKO \u201cPIROGRAFIJE I SKULPTURE\u201d<\/strong><\/p>\n<p style=\"text-align: center;\"><strong>Atrij Likovne galerije Gradskog muzeja Kri\u017eevci\u00a0<\/strong><\/p>\n<p>&nbsp;<\/p>\n<p>Franjo Ku\u010dko ro\u0111en je 23.06.1959. godine u Hrvatskom Zagorju u Sekiri\u0161\u0107u kraj Sv. Kri\u017ea Za\u010dretje. Osnovnu \u0161kolu zavr\u0161io je u Za\u010dretju a srednju u Krapini. Od malena ovog samozatajnog autora\u00a0\u00a0interesiralo je drvo. Mirovinu je do\u010dekao u Zagrebu u Hrvatskim \u017eeljeznicama gdje je bio zaposlen, a u slobodno vrijeme za svoju du\u0161u radi skulpture u drvetu, duborez i pirografiju, te je rezbario lupine jaja. Posljednjih godina intenzivno prikuplja etno predmete kako bi ih sa\u010duvao od zaborava. Od 2006. sam \u010dlan je KLK Kri\u017eevci.<\/p>\n<p>&nbsp;<\/p>\n<div id='gallery-1' class='gallery galleryid-3236 gallery-columns-6 gallery-size-thumbnail'><figure class='gallery-item'>\n\t\t\t<div class='gallery-icon landscape'>\n\t\t\t\t<a title=\"IMG_3130\" href='https:\/\/www.gradski-muzej-krizevci.hr\/wp-content\/uploads\/2021\/07\/IMG_3130.jpg'><img loading=\"lazy\" decoding=\"async\" width=\"150\" height=\"150\" src=\"https:\/\/www.gradski-muzej-krizevci.hr\/wp-content\/uploads\/2021\/07\/IMG_3130-150x150.jpg\" class=\"attachment-thumbnail size-thumbnail\" alt=\"\" \/><\/a>\n\t\t\t<\/div><\/figure><figure class='gallery-item'>\n\t\t\t<div class='gallery-icon landscape'>\n\t\t\t\t<a title=\"IMG_3150\" href='https:\/\/www.gradski-muzej-krizevci.hr\/wp-content\/uploads\/2021\/07\/IMG_3150.jpg'><img loading=\"lazy\" decoding=\"async\" width=\"150\" height=\"150\" src=\"https:\/\/www.gradski-muzej-krizevci.hr\/wp-content\/uploads\/2021\/07\/IMG_3150-150x150.jpg\" class=\"attachment-thumbnail size-thumbnail\" alt=\"\" \/><\/a>\n\t\t\t<\/div><\/figure><figure class='gallery-item'>\n\t\t\t<div class='gallery-icon landscape'>\n\t\t\t\t<a title=\"IMG_3137\" href='https:\/\/www.gradski-muzej-krizevci.hr\/wp-content\/uploads\/2021\/07\/IMG_3137.jpg'><img loading=\"lazy\" decoding=\"async\" width=\"150\" height=\"150\" src=\"https:\/\/www.gradski-muzej-krizevci.hr\/wp-content\/uploads\/2021\/07\/IMG_3137-150x150.jpg\" class=\"attachment-thumbnail size-thumbnail\" alt=\"\" \/><\/a>\n\t\t\t<\/div><\/figure><figure class='gallery-item'>\n\t\t\t<div class='gallery-icon landscape'>\n\t\t\t\t<a title=\"IMG_3134\" href='https:\/\/www.gradski-muzej-krizevci.hr\/wp-content\/uploads\/2021\/07\/IMG_3134.jpg'><img loading=\"lazy\" decoding=\"async\" width=\"150\" height=\"150\" src=\"https:\/\/www.gradski-muzej-krizevci.hr\/wp-content\/uploads\/2021\/07\/IMG_3134-150x150.jpg\" class=\"attachment-thumbnail size-thumbnail\" alt=\"\" \/><\/a>\n\t\t\t<\/div><\/figure><figure class='gallery-item'>\n\t\t\t<div class='gallery-icon landscape'>\n\t\t\t\t<a title=\"IMG_3121\" href='https:\/\/www.gradski-muzej-krizevci.hr\/wp-content\/uploads\/2021\/07\/IMG_3121.jpg'><img loading=\"lazy\" decoding=\"async\" width=\"150\" height=\"150\" src=\"https:\/\/www.gradski-muzej-krizevci.hr\/wp-content\/uploads\/2021\/07\/IMG_3121-150x150.jpg\" class=\"attachment-thumbnail size-thumbnail\" alt=\"\" \/><\/a>\n\t\t\t<\/div><\/figure><figure class='gallery-item'>\n\t\t\t<div class='gallery-icon landscape'>\n\t\t\t\t<a title=\"IMG_3154\" href='https:\/\/www.gradski-muzej-krizevci.hr\/wp-content\/uploads\/2021\/07\/IMG_3154.jpg'><img loading=\"lazy\" decoding=\"async\" width=\"150\" height=\"150\" src=\"https:\/\/www.gradski-muzej-krizevci.hr\/wp-content\/uploads\/2021\/07\/IMG_3154-150x150.jpg\" class=\"attachment-thumbnail size-thumbnail\" alt=\"\" \/><\/a>\n\t\t\t<\/div><\/figure><figure class='gallery-item'>\n\t\t\t<div class='gallery-icon landscape'>\n\t\t\t\t<a title=\"IMG_3119\" href='https:\/\/www.gradski-muzej-krizevci.hr\/wp-content\/uploads\/2021\/07\/IMG_3119.jpg'><img loading=\"lazy\" decoding=\"async\" width=\"150\" height=\"150\" src=\"https:\/\/www.gradski-muzej-krizevci.hr\/wp-content\/uploads\/2021\/07\/IMG_3119-150x150.jpg\" class=\"attachment-thumbnail size-thumbnail\" alt=\"\" \/><\/a>\n\t\t\t<\/div><\/figure><figure class='gallery-item'>\n\t\t\t<div class='gallery-icon landscape'>\n\t\t\t\t<a title=\"IMG_3118\" href='https:\/\/www.gradski-muzej-krizevci.hr\/wp-content\/uploads\/2021\/07\/IMG_3118.jpg'><img loading=\"lazy\" decoding=\"async\" width=\"150\" height=\"150\" src=\"https:\/\/www.gradski-muzej-krizevci.hr\/wp-content\/uploads\/2021\/07\/IMG_3118-150x150.jpg\" class=\"attachment-thumbnail size-thumbnail\" alt=\"\" \/><\/a>\n\t\t\t<\/div><\/figure><figure class='gallery-item'>\n\t\t\t<div class='gallery-icon landscape'>\n\t\t\t\t<a title=\"IMG_3117\" href='https:\/\/www.gradski-muzej-krizevci.hr\/wp-content\/uploads\/2021\/07\/IMG_3117.jpg'><img loading=\"lazy\" decoding=\"async\" width=\"150\" height=\"150\" src=\"https:\/\/www.gradski-muzej-krizevci.hr\/wp-content\/uploads\/2021\/07\/IMG_3117-150x150.jpg\" class=\"attachment-thumbnail size-thumbnail\" alt=\"\" \/><\/a>\n\t\t\t<\/div><\/figure><figure class='gallery-item'>\n\t\t\t<div class='gallery-icon landscape'>\n\t\t\t\t<a title=\"IMG_3115\" href='https:\/\/www.gradski-muzej-krizevci.hr\/wp-content\/uploads\/2021\/07\/IMG_3115.jpg'><img loading=\"lazy\" decoding=\"async\" width=\"150\" height=\"150\" src=\"https:\/\/www.gradski-muzej-krizevci.hr\/wp-content\/uploads\/2021\/07\/IMG_3115-150x150.jpg\" class=\"attachment-thumbnail size-thumbnail\" alt=\"\" \/><\/a>\n\t\t\t<\/div><\/figure><figure class='gallery-item'>\n\t\t\t<div class='gallery-icon landscape'>\n\t\t\t\t<a title=\"IMG_3114\" href='https:\/\/www.gradski-muzej-krizevci.hr\/wp-content\/uploads\/2021\/07\/IMG_3114.jpg'><img loading=\"lazy\" decoding=\"async\" width=\"150\" height=\"150\" src=\"https:\/\/www.gradski-muzej-krizevci.hr\/wp-content\/uploads\/2021\/07\/IMG_3114-150x150.jpg\" class=\"attachment-thumbnail size-thumbnail\" alt=\"\" \/><\/a>\n\t\t\t<\/div><\/figure><figure class='gallery-item'>\n\t\t\t<div class='gallery-icon landscape'>\n\t\t\t\t<a title=\"IMG_3113\" href='https:\/\/www.gradski-muzej-krizevci.hr\/wp-content\/uploads\/2021\/07\/IMG_3113.jpg'><img loading=\"lazy\" decoding=\"async\" width=\"150\" height=\"150\" src=\"https:\/\/www.gradski-muzej-krizevci.hr\/wp-content\/uploads\/2021\/07\/IMG_3113-150x150.jpg\" class=\"attachment-thumbnail size-thumbnail\" alt=\"\" \/><\/a>\n\t\t\t<\/div><\/figure>\n\t\t<\/div>\n\n<p>&nbsp;<\/p>\n<p><strong>Izlo\u017eba je realizirana uz potporu Ministarstva kulture i medija Republike Hrvatske, Grada Kri\u017eevaca i Koprivni\u010dko-kri\u017eeva\u010dke \u017eupanije.<\/strong><\/p>\n","protected":false},"excerpt":{"rendered":"<p>3. KRI\u017dEVA\u010cKO LIKOVNO LJETO 15. 7. 2021. od 10 do 13 sati POP UP IZLO\u017dBA: FRANJO KU\u010cKO \u201cPIROGRAFIJE I SKULPTURE\u201d Atrij Likovne galerije Gradskog muzeja Kri\u017eevci\u00a0 &nbsp; Franjo Ku\u010dko ro\u0111en&hellip;<\/p>\n","protected":false},"author":2,"featured_media":3076,"comment_status":"closed","ping_status":"closed","sticky":false,"template":"","format":"standard","meta":{"_bbp_topic_count":0,"_bbp_reply_count":0,"_bbp_total_topic_count":0,"_bbp_total_reply_count":0,"_bbp_voice_count":0,"_bbp_anonymous_reply_count":0,"_bbp_topic_count_hidden":0,"_bbp_reply_count_hidden":0,"_bbp_forum_subforum_count":0,"footnotes":""},"categories":[329],"tags":[],"class_list":["post-3236","post","type-post","status-publish","format-standard","has-post-thumbnail","hentry","category-izlozba"],"_links":{"self":[{"href":"https:\/\/www.gradski-muzej-krizevci.hr\/index.php?rest_route=\/wp\/v2\/posts\/3236","targetHints":{"allow":["GET"]}}],"collection":[{"href":"https:\/\/www.gradski-muzej-krizevci.hr\/index.php?rest_route=\/wp\/v2\/posts"}],"about":[{"href":"https:\/\/www.gradski-muzej-krizevci.hr\/index.php?rest_route=\/wp\/v2\/types\/post"}],"author":[{"embeddable":true,"href":"https:\/\/www.gradski-muzej-krizevci.hr\/index.php?rest_route=\/wp\/v2\/users\/2"}],"replies":[{"embeddable":true,"href":"https:\/\/www.gradski-muzej-krizevci.hr\/index.php?rest_route=%2Fwp%2Fv2%2Fcomments&post=3236"}],"version-history":[{"count":4,"href":"https:\/\/www.gradski-muzej-krizevci.hr\/index.php?rest_route=\/wp\/v2\/posts\/3236\/revisions"}],"predecessor-version":[{"id":3244,"href":"https:\/\/www.gradski-muzej-krizevci.hr\/index.php?rest_route=\/wp\/v2\/posts\/3236\/revisions\/3244"}],"wp:featuredmedia":[{"embeddable":true,"href":"https:\/\/www.gradski-muzej-krizevci.hr\/index.php?rest_route=\/wp\/v2\/media\/3076"}],"wp:attachment":[{"href":"https:\/\/www.gradski-muzej-krizevci.hr\/index.php?rest_route=%2Fwp%2Fv2%2Fmedia&parent=3236"}],"wp:term":[{"taxonomy":"category","embeddable":true,"href":"https:\/\/www.gradski-muzej-krizevci.hr\/index.php?rest_route=%2Fwp%2Fv2%2Fcategories&post=3236"},{"taxonomy":"post_tag","embeddable":true,"href":"https:\/\/www.gradski-muzej-krizevci.hr\/index.php?rest_route=%2Fwp%2Fv2%2Ftags&post=3236"}],"curies":[{"name":"wp","href":"https:\/\/api.w.org\/{rel}","templated":true}]}}