{"id":3323,"date":"2021-08-31T06:35:27","date_gmt":"2021-08-31T05:35:27","guid":{"rendered":"http:\/\/www.gradski-muzej-krizevci.hr\/?p=3323"},"modified":"2022-11-18T23:05:09","modified_gmt":"2022-11-18T22:05:09","slug":"krizevacko-veliko-spravisce-keramicke-radionice-izrade-bilikuma","status":"publish","type":"post","link":"https:\/\/www.gradski-muzej-krizevci.hr\/?p=3323","title":{"rendered":"Kri\u017eeva\u010dko veliko spravi\u0161\u010de: Kerami\u010dke radionice izrade bilikuma"},"content":{"rendered":"<p><strong>DATUM ODR\u017dAVANJA: 3. i 4. 09. 2021.<\/strong><\/p>\n<p><strong>VODITELJICA: Kristina Vukovi\u0107, prof. lik. kulture<\/strong><\/p>\n<p>U atriju Likovne galerije Gradskog muzeja Kri\u017eevci (Trg Antuna Nem\u010di\u0107a 6) u dane Spravi\u0161\u010da odr\u017eati \u0107e se s<span style=\"font-weight: 400;\">erija od dvije radionice obrade gline:<\/span><\/p>\n<p><strong><span style=\"font-family: inherit; font-size: 1rem;\">1. radionica: \u201eIzrada bilikuma\u201d 03.09. od 10:00 do 13:00 <\/span><\/strong><\/p>\n<p><strong><span style=\"font-family: inherit; font-size: 1rem;\">2. radionica: \u201eIzrada bilikuma\u201c 04.09. od 17:00 do 20:00<\/span><\/strong><\/p>\n<p><span style=\"font-weight: 400;\"><strong>OPIS RADIONICE:<\/strong> Na ovim radionicama kroz dva dana polaznici \u0107e se susresti s osnovama kerami\u010dkog oblikovanja, a kona\u010dan \u0107e cilj biti izrada bilikuma \u2013 prigodnog simbola Kri\u017eeva\u010dkog velikog spravi\u0161\u010da. Radionice su namijenjene svim uzrastima i mogu sudjelovati bez najave. Voditeljica programa je Kristina Vukovi\u0107, prof. likovne kulture i dizajnerica keramike.<\/span><\/p>\n<p><strong>BILIKUM<\/strong> (dolazi od njema\u010dke rije\u010di <em>willkommen<\/em> &#8211; dobrodo\u0161ao)\u00a0naziv je za zemljani vr\u010d ili staklenu, srebrenu, odnosno porculansku \u010da\u0161u (kupa, pehar) iz koje je gost, do\u0161av\u0161i prvi put u doma\u0107inovu ku\u0107u, ispijao dobrodo\u0161licu uz poseban obred. Katkada je sastavljen od triju me\u0111usobno spojenih vr\u010di\u0107a (tzv. \u010ceh, Leh i Meh). Obi\u010daj takva simboli\u010dnog izra\u017eavanja dobrodo\u0161lice udoma\u0107en je u sjeverozapadnoj Hrvatskoj, a preuzet vjerojatno iz Njema\u010dke u doba baroka.<\/p>\n<p><strong>U DANE SPRAVI\u0160\u010cA (PETAK &#8211; NEDJELJA) stalni postav Gradskog muzeja Kri\u017eevci i Likovna galerija Gradskog muzeja Kri\u017eevci biti \u0107e otvoreni od 10 &#8211; 13 i od 17 &#8211; 20 sati. Ulaz je besplatan. U Likovnoj galeriji mo\u017ee se razgledati izlo\u017eba <span style=\"color: #800000;\"><a style=\"color: #800000;\" href=\"http:\/\/www.gradski-muzej-krizevci.hr\/?p=3265\">KRI\u017dEVA\u010cKI KIPAR STJEPAN SEVER(IN) &#8211; NAJZNA\u010cAJNIJI PREDSTAVNIK POKRAJINSKOG BAROKA U SJEVERNOJ HRVATSKOJ.<\/a><\/span><\/strong><\/p>\n","protected":false},"excerpt":{"rendered":"<p>DATUM ODR\u017dAVANJA: 3. i 4. 09. 2021. VODITELJICA: Kristina Vukovi\u0107, prof. lik. kulture U atriju Likovne galerije Gradskog muzeja Kri\u017eevci (Trg Antuna Nem\u010di\u0107a 6) u dane Spravi\u0161\u010da odr\u017eati \u0107e se&hellip;<\/p>\n","protected":false},"author":2,"featured_media":3325,"comment_status":"closed","ping_status":"closed","sticky":false,"template":"","format":"standard","meta":{"_bbp_topic_count":0,"_bbp_reply_count":0,"_bbp_total_topic_count":0,"_bbp_total_reply_count":0,"_bbp_voice_count":0,"_bbp_anonymous_reply_count":0,"_bbp_topic_count_hidden":0,"_bbp_reply_count_hidden":0,"_bbp_forum_subforum_count":0,"footnotes":""},"categories":[333],"tags":[],"class_list":["post-3323","post","type-post","status-publish","format-standard","has-post-thumbnail","hentry","category-radionica"],"_links":{"self":[{"href":"https:\/\/www.gradski-muzej-krizevci.hr\/index.php?rest_route=\/wp\/v2\/posts\/3323","targetHints":{"allow":["GET"]}}],"collection":[{"href":"https:\/\/www.gradski-muzej-krizevci.hr\/index.php?rest_route=\/wp\/v2\/posts"}],"about":[{"href":"https:\/\/www.gradski-muzej-krizevci.hr\/index.php?rest_route=\/wp\/v2\/types\/post"}],"author":[{"embeddable":true,"href":"https:\/\/www.gradski-muzej-krizevci.hr\/index.php?rest_route=\/wp\/v2\/users\/2"}],"replies":[{"embeddable":true,"href":"https:\/\/www.gradski-muzej-krizevci.hr\/index.php?rest_route=%2Fwp%2Fv2%2Fcomments&post=3323"}],"version-history":[{"count":6,"href":"https:\/\/www.gradski-muzej-krizevci.hr\/index.php?rest_route=\/wp\/v2\/posts\/3323\/revisions"}],"predecessor-version":[{"id":3331,"href":"https:\/\/www.gradski-muzej-krizevci.hr\/index.php?rest_route=\/wp\/v2\/posts\/3323\/revisions\/3331"}],"wp:featuredmedia":[{"embeddable":true,"href":"https:\/\/www.gradski-muzej-krizevci.hr\/index.php?rest_route=\/wp\/v2\/media\/3325"}],"wp:attachment":[{"href":"https:\/\/www.gradski-muzej-krizevci.hr\/index.php?rest_route=%2Fwp%2Fv2%2Fmedia&parent=3323"}],"wp:term":[{"taxonomy":"category","embeddable":true,"href":"https:\/\/www.gradski-muzej-krizevci.hr\/index.php?rest_route=%2Fwp%2Fv2%2Fcategories&post=3323"},{"taxonomy":"post_tag","embeddable":true,"href":"https:\/\/www.gradski-muzej-krizevci.hr\/index.php?rest_route=%2Fwp%2Fv2%2Ftags&post=3323"}],"curies":[{"name":"wp","href":"https:\/\/api.w.org\/{rel}","templated":true}]}}