{"id":3337,"date":"2021-09-06T08:26:24","date_gmt":"2021-09-06T07:26:24","guid":{"rendered":"http:\/\/www.gradski-muzej-krizevci.hr\/?p=3337"},"modified":"2022-11-18T23:04:29","modified_gmt":"2022-11-18T22:04:29","slug":"platforma-zajednicki-fotografski-narativi-poziva-na-izlozbu-i-popratni-program","status":"publish","type":"post","link":"https:\/\/www.gradski-muzej-krizevci.hr\/?p=3337","title":{"rendered":"Platforma Zajedni\u010dki fotografski narativi poziva na izlo\u017ebu i popratni program"},"content":{"rendered":"<p><em><strong>Svugdje samo ne doma u lavoru \u2013 uloga fotografije u turizmu<\/strong><\/em><\/p>\n<p>&nbsp;<\/p>\n<p><strong>Rijeka, Korzo<br \/>\n8. \u2013 14. 9. 2021.<\/strong><\/p>\n<p><img loading=\"lazy\" decoding=\"async\" class=\"wp-image-3335 aligncenter\" src=\"http:\/\/www.gradski-muzej-krizevci.hr\/wp-content\/uploads\/2021\/09\/6329-300x203.jpg\" alt=\"\" width=\"613\" height=\"415\" srcset=\"https:\/\/www.gradski-muzej-krizevci.hr\/wp-content\/uploads\/2021\/09\/6329-300x203.jpg 300w, https:\/\/www.gradski-muzej-krizevci.hr\/wp-content\/uploads\/2021\/09\/6329-768x521.jpg 768w, https:\/\/www.gradski-muzej-krizevci.hr\/wp-content\/uploads\/2021\/09\/6329.jpg 1000w\" sizes=\"auto, (max-width: 613px) 100vw, 613px\" \/><\/p>\n<p>Prva pomisao o odlasku na ljetovanje nerijetko je vezana uz fotografiju, bilo da se prisje\u0107amo izblijedjelih snimaka iz djetinjstva ili prelistavamo \u201cdora\u0111ene\u201d vizualne prikaze luksuza za kojim mnogi \u010deznu, zami\u0161ljaju\u0107i se upravo na tim mjestima. Turizam je u doma\u0107oj sredini jo\u0161 uvijek povezan s brojanjem gostiju, dok nesnosne gu\u017eve i pomahnitale cijene pune stupce medija. Ipak, odnos fotografije i turizma mnogo je slo\u017eeniji od spomenutih natuknica.<\/p>\n<p>Upravo stoga, sudionici platforme\u00a0<em>Zajedni\u010dki fotografski narativi<\/em>, priredili su izlo\u017ebu koja u fokus stavlja odnos turizma i fotografije, i to od me\u0111uratnog razdoblja do 1980-ih.<\/p>\n<p>Izabrane fotografije prikazuju vrlo razli\u010dite tipove turizma: od ure\u0111enih kupali\u0161ta, glamuroznih gostiju (posebice na Kvarneru) i kaoti\u010dnih gu\u017evi, do radni\u010dkih odmarali\u0161ta kao bitne kulturolo\u0161ke promjene uvedene u vrijeme socijalizma; \u0161oderica i jezera, lokalnih bazena i planina te tarasa sojenica i \u010damaca koji su turiste nakratko odmicali od svakodnevnice. Tiskovine koje smo za ovu priliku istra\u017eili nerijetko su donosile\u00a0savjete\u00a0i referate\u00a0 na temu turizma, aktivnog boravka na moru ili u prirodi, dok se stanovnike poticalo da, ako ve\u0107 ne mogu otputovati izvan mjesta boravka, ista istra\u017ee usvajanjem novih znanja o lokalnoj povijesti, prirodnim i kulturnim ljepotama. Me\u0111u svime navedenim izlo\u017eba se bavi pitanjem kako fotografi interpretiraju turizam. Pritom se ne usredoto\u010duje samo na \u201cstati\u010dne\u201d prikaze iz turisti\u010dkih vodi\u010da, ve\u0107 donosi izbor iz raznih publikacija \u2013 knjiga posve\u0107enih turizmu, stru\u010dnih i popularnih \u010dasopisa koji su tematski obra\u0111ivali prostor i vrijeme ljetovanja kao specifi\u010dnog fenomena koji se od 1930-ih nadalje sve \u010de\u0161\u0107e javlja.<\/p>\n<p>Izlo\u017eba je realizirana u formi plakata koji \u0107e biti postavljeni na panoima na rije\u010dkom Korzu s tekstovima na hrvatskom i engleskom jeziku.<\/p>\n<p><strong>\u010clanovi platforme\u00a0<em>Zajedni\u010dki fotografski narativi\u00a0<\/em>svoja \u0107e istra\u017eivanja predstaviti na okruglom stolu \u201cFotografija i turizam\u201d koji \u0107e se odr\u017eati u petak, 10. rujna, u 17 sati u Muzeju moderne i suvremene umjetnosti u Rijeci.\u00a0<\/strong><\/p>\n<p><img loading=\"lazy\" decoding=\"async\" class=\"wp-image-3336 aligncenter\" src=\"http:\/\/www.gradski-muzej-krizevci.hr\/wp-content\/uploads\/2021\/09\/7035-300x208.jpg\" alt=\"\" width=\"681\" height=\"472\" srcset=\"https:\/\/www.gradski-muzej-krizevci.hr\/wp-content\/uploads\/2021\/09\/7035-300x208.jpg 300w, https:\/\/www.gradski-muzej-krizevci.hr\/wp-content\/uploads\/2021\/09\/7035-768x533.jpg 768w, https:\/\/www.gradski-muzej-krizevci.hr\/wp-content\/uploads\/2021\/09\/7035.jpg 1000w\" sizes=\"auto, (max-width: 681px) 100vw, 681px\" \/><\/p>\n<p dir=\"ltr\"><strong>Kao dio popratnog programa uz izlo\u017ebu, najavljujemo predavanje povjesni\u010darke umjetnosti Lane Lovren\u010di\u0107 o privatnom arhivu Turistkomerca:<\/strong><\/p>\n<p><em>Turistkomerc, biro za turisti\u010dku propagandu sa sjedi\u0161tem u Zagrebu, privatiziran je 1992. godine. Osim uredskih prostora i tiskare u centru grada Zagreba te brojnih izdanja ove izdava\u010dke ku\u0107e, Turistkomerc posjedovao je i bogat arhiv fotografija. Fotografije nastale za potrebe turisti\u010dkih vodi\u010da prikazuju prvenstveno gradove i ljude, prirodu, kulturnu i graditeljsku ba\u0161tinu, kao i zna\u010dajna postignu\u0107a jugoslavenske modernizacije \u2013 nove hotelske komplekse, mostove, vijadukte i sl. Me\u0111u fotografima koji su ih snimili mogu se na\u0107i najpoznatija imena tada\u0161nje fotografske scene \u2013 Mladen Gr\u010devi\u0107, To\u0161o Dabac, Petar Dabac, Milan Babi\u0107 i mnogi drugi. Ova gra\u0111a, koju \u010dini gotovo 80 tisu\u0107a fotografija, sa\u010duvana gotovo slu\u010dajno\u0161\u0107u od nestanka, u desetlje\u0107ima nakon \u0161to je nastala, postaje vrijedan materijal za istra\u017eivanje arhitekture, turizma i modernizacije.<\/em><\/p>\n<p><strong>Predavanje \u0107e se odr\u017eati u subotu, 11. rujna, u 12: 30 sati u Muzeju moderne i suvremene umjetnosti u Rijeci.\u00a0<\/strong><\/p>\n<p>__<\/p>\n<p><strong>U radu\u00a0<em>Zajedni\u010dkih fotografskih narativa<\/em>\u00a0i u realizaciji izlo\u017ebe sudjeluju:<\/strong>\u00a0Sandra Kri\u017ei\u0107 Roban, Ured za fotografiju (Zagreb), Darko \u0160imi\u010di\u0107, Institut Tomislav Gotovac (Zagreb), Lucija \u0160vob, Kreativni kolektiv Kombinat (Rijeka), Tanja \u0160poljar, Atelieri Koprivnica (Koprivnica), Valentina Rado\u0161, Muzej likovnih umjetnosti (Osijek), Alma Trauber, Gradska galerija Striegl (Sisak), Tea Hatadi, Gradski muzej Kri\u017eevci i Ante Orlovi\u0107, nezavisni istra\u017eiva\u010d (Zadar).<\/p>\n<p>__<\/p>\n<p>Izlo\u017ebu podr\u017eava Grad Rijeka.<br \/>\nPopratni program izlo\u017ebe realiziran je u suradnji s Muzejom moderne i suvremene umjetnosti u Rijeci.<\/p>\n<p dir=\"ltr\">Projekt financira Zaklada Kultura nova.<\/p>\n","protected":false},"excerpt":{"rendered":"<p>Svugdje samo ne doma u lavoru \u2013 uloga fotografije u turizmu &nbsp; Rijeka, Korzo 8. \u2013 14. 9. 2021. Prva pomisao o odlasku na ljetovanje nerijetko je vezana uz fotografiju,&hellip;<\/p>\n","protected":false},"author":2,"featured_media":3334,"comment_status":"closed","ping_status":"closed","sticky":false,"template":"","format":"standard","meta":{"_bbp_topic_count":0,"_bbp_reply_count":0,"_bbp_total_topic_count":0,"_bbp_total_reply_count":0,"_bbp_voice_count":0,"_bbp_anonymous_reply_count":0,"_bbp_topic_count_hidden":0,"_bbp_reply_count_hidden":0,"_bbp_forum_subforum_count":0,"footnotes":""},"categories":[329],"tags":[],"class_list":["post-3337","post","type-post","status-publish","format-standard","has-post-thumbnail","hentry","category-izlozba"],"_links":{"self":[{"href":"https:\/\/www.gradski-muzej-krizevci.hr\/index.php?rest_route=\/wp\/v2\/posts\/3337","targetHints":{"allow":["GET"]}}],"collection":[{"href":"https:\/\/www.gradski-muzej-krizevci.hr\/index.php?rest_route=\/wp\/v2\/posts"}],"about":[{"href":"https:\/\/www.gradski-muzej-krizevci.hr\/index.php?rest_route=\/wp\/v2\/types\/post"}],"author":[{"embeddable":true,"href":"https:\/\/www.gradski-muzej-krizevci.hr\/index.php?rest_route=\/wp\/v2\/users\/2"}],"replies":[{"embeddable":true,"href":"https:\/\/www.gradski-muzej-krizevci.hr\/index.php?rest_route=%2Fwp%2Fv2%2Fcomments&post=3337"}],"version-history":[{"count":3,"href":"https:\/\/www.gradski-muzej-krizevci.hr\/index.php?rest_route=\/wp\/v2\/posts\/3337\/revisions"}],"predecessor-version":[{"id":3340,"href":"https:\/\/www.gradski-muzej-krizevci.hr\/index.php?rest_route=\/wp\/v2\/posts\/3337\/revisions\/3340"}],"wp:featuredmedia":[{"embeddable":true,"href":"https:\/\/www.gradski-muzej-krizevci.hr\/index.php?rest_route=\/wp\/v2\/media\/3334"}],"wp:attachment":[{"href":"https:\/\/www.gradski-muzej-krizevci.hr\/index.php?rest_route=%2Fwp%2Fv2%2Fmedia&parent=3337"}],"wp:term":[{"taxonomy":"category","embeddable":true,"href":"https:\/\/www.gradski-muzej-krizevci.hr\/index.php?rest_route=%2Fwp%2Fv2%2Fcategories&post=3337"},{"taxonomy":"post_tag","embeddable":true,"href":"https:\/\/www.gradski-muzej-krizevci.hr\/index.php?rest_route=%2Fwp%2Fv2%2Ftags&post=3337"}],"curies":[{"name":"wp","href":"https:\/\/api.w.org\/{rel}","templated":true}]}}