{"id":337,"date":"2017-01-30T09:53:35","date_gmt":"2017-01-30T08:53:35","guid":{"rendered":"http:\/\/www.gradski-muzej-krizevci.hr\/?p=337"},"modified":"2022-11-18T23:36:41","modified_gmt":"2022-11-18T22:36:41","slug":"noc-muzeja-2017","status":"publish","type":"post","link":"https:\/\/www.gradski-muzej-krizevci.hr\/?p=337","title":{"rendered":"No\u0107 muzeja 2017."},"content":{"rendered":"<p>U petak, 27. sije\u010dnja 2017., u prostorima Gradskog muzeja Kri\u017eevci odr\u017eana je tradicionalna No\u0107 muzeja, koja je ove godine tematski bila posve\u0107ena glazbi.<!--more--><\/p>\n<p>U vremenu od 18 &#8211; 21 sat brojnim je Kri\u017eev\u010danim svoja vrata otvorio stalni muzejski postav.<\/p>\n<div id='gallery-1' class='gallery galleryid-337 gallery-columns-6 gallery-size-thumbnail'><figure class='gallery-item'>\n\t\t\t<div class='gallery-icon landscape'>\n\t\t\t\t<a title=\"img_3071\" href='https:\/\/www.gradski-muzej-krizevci.hr\/wp-content\/uploads\/2017\/01\/IMG_3071.jpg'><img loading=\"lazy\" decoding=\"async\" width=\"150\" height=\"150\" src=\"https:\/\/www.gradski-muzej-krizevci.hr\/wp-content\/uploads\/2017\/01\/IMG_3071-150x150.jpg\" class=\"attachment-thumbnail size-thumbnail\" alt=\"\" srcset=\"https:\/\/www.gradski-muzej-krizevci.hr\/wp-content\/uploads\/2017\/01\/IMG_3071-150x150.jpg 150w, https:\/\/www.gradski-muzej-krizevci.hr\/wp-content\/uploads\/2017\/01\/IMG_3071-60x60.jpg 60w\" sizes=\"auto, (max-width: 150px) 100vw, 150px\" \/><\/a>\n\t\t\t<\/div><\/figure><figure class='gallery-item'>\n\t\t\t<div class='gallery-icon landscape'>\n\t\t\t\t<a title=\"img_3070\" href='https:\/\/www.gradski-muzej-krizevci.hr\/wp-content\/uploads\/2017\/01\/IMG_3070.jpg'><img loading=\"lazy\" decoding=\"async\" width=\"150\" height=\"150\" src=\"https:\/\/www.gradski-muzej-krizevci.hr\/wp-content\/uploads\/2017\/01\/IMG_3070-150x150.jpg\" class=\"attachment-thumbnail size-thumbnail\" alt=\"\" srcset=\"https:\/\/www.gradski-muzej-krizevci.hr\/wp-content\/uploads\/2017\/01\/IMG_3070-150x150.jpg 150w, https:\/\/www.gradski-muzej-krizevci.hr\/wp-content\/uploads\/2017\/01\/IMG_3070-60x60.jpg 60w\" sizes=\"auto, (max-width: 150px) 100vw, 150px\" \/><\/a>\n\t\t\t<\/div><\/figure><figure class='gallery-item'>\n\t\t\t<div class='gallery-icon landscape'>\n\t\t\t\t<a title=\"img_3066\" href='https:\/\/www.gradski-muzej-krizevci.hr\/wp-content\/uploads\/2017\/01\/IMG_3066.jpg'><img loading=\"lazy\" decoding=\"async\" width=\"150\" height=\"150\" src=\"https:\/\/www.gradski-muzej-krizevci.hr\/wp-content\/uploads\/2017\/01\/IMG_3066-150x150.jpg\" class=\"attachment-thumbnail size-thumbnail\" alt=\"\" srcset=\"https:\/\/www.gradski-muzej-krizevci.hr\/wp-content\/uploads\/2017\/01\/IMG_3066-150x150.jpg 150w, https:\/\/www.gradski-muzej-krizevci.hr\/wp-content\/uploads\/2017\/01\/IMG_3066-60x60.jpg 60w\" sizes=\"auto, (max-width: 150px) 100vw, 150px\" \/><\/a>\n\t\t\t<\/div><\/figure><figure class='gallery-item'>\n\t\t\t<div class='gallery-icon landscape'>\n\t\t\t\t<a title=\"img_3076\" href='https:\/\/www.gradski-muzej-krizevci.hr\/wp-content\/uploads\/2017\/01\/IMG_3076.jpg'><img loading=\"lazy\" decoding=\"async\" width=\"150\" height=\"150\" src=\"https:\/\/www.gradski-muzej-krizevci.hr\/wp-content\/uploads\/2017\/01\/IMG_3076-150x150.jpg\" class=\"attachment-thumbnail size-thumbnail\" alt=\"\" srcset=\"https:\/\/www.gradski-muzej-krizevci.hr\/wp-content\/uploads\/2017\/01\/IMG_3076-150x150.jpg 150w, https:\/\/www.gradski-muzej-krizevci.hr\/wp-content\/uploads\/2017\/01\/IMG_3076-60x60.jpg 60w\" sizes=\"auto, (max-width: 150px) 100vw, 150px\" \/><\/a>\n\t\t\t<\/div><\/figure><figure class='gallery-item'>\n\t\t\t<div class='gallery-icon landscape'>\n\t\t\t\t<a title=\"img_3088\" href='https:\/\/www.gradski-muzej-krizevci.hr\/wp-content\/uploads\/2017\/01\/IMG_3088.jpg'><img loading=\"lazy\" decoding=\"async\" width=\"150\" height=\"150\" src=\"https:\/\/www.gradski-muzej-krizevci.hr\/wp-content\/uploads\/2017\/01\/IMG_3088-150x150.jpg\" class=\"attachment-thumbnail size-thumbnail\" alt=\"\" srcset=\"https:\/\/www.gradski-muzej-krizevci.hr\/wp-content\/uploads\/2017\/01\/IMG_3088-150x150.jpg 150w, https:\/\/www.gradski-muzej-krizevci.hr\/wp-content\/uploads\/2017\/01\/IMG_3088-60x60.jpg 60w\" sizes=\"auto, (max-width: 150px) 100vw, 150px\" \/><\/a>\n\t\t\t<\/div><\/figure><figure class='gallery-item'>\n\t\t\t<div class='gallery-icon landscape'>\n\t\t\t\t<a title=\"img_3082\" href='https:\/\/www.gradski-muzej-krizevci.hr\/wp-content\/uploads\/2017\/01\/IMG_3082.jpg'><img loading=\"lazy\" decoding=\"async\" width=\"150\" height=\"150\" src=\"https:\/\/www.gradski-muzej-krizevci.hr\/wp-content\/uploads\/2017\/01\/IMG_3082-150x150.jpg\" class=\"attachment-thumbnail size-thumbnail\" alt=\"\" srcset=\"https:\/\/www.gradski-muzej-krizevci.hr\/wp-content\/uploads\/2017\/01\/IMG_3082-150x150.jpg 150w, https:\/\/www.gradski-muzej-krizevci.hr\/wp-content\/uploads\/2017\/01\/IMG_3082-60x60.jpg 60w\" sizes=\"auto, (max-width: 150px) 100vw, 150px\" \/><\/a>\n\t\t\t<\/div><\/figure>\n\t\t<\/div>\n\n<p>Drugi dio programa odr\u017ean je u prostorima Likovne galerije. Jelka Vukobratovi\u0107 odr\u017eala je predavanje pod nazivom\u00a0<em>O kri\u017eeva\u010dkim glazbenim velikanima i mimo njih \u2013 stvarni utjecaj glazbenika na \u017eivot u gradu i sve \u0161to se o tome niste usudili pitati.\u00a0<\/em>Slijedilo je predavanje Andreje Vi\u0161ak o zaboravljenom kri\u017eeva\u010dkom skladatelju Bo\u017eidaru Moha\u010deku. Tre\u0107e predavanje pod nazivom\u00a0<em>Prikaz Alberta \u0160trige i Vatroslava Lisinskog u filmu \u201eLisinski\u201c <\/em>odr\u017eao je Tomislav Bu\u017ei\u0107.<\/p>\n<p>U glazbenom dijelu programa prof. Emin Armano odsvirao je \u010detiri kra\u0107e skladbe Bo\u017eidara Moha\u010deka te sonatu Leopolda Ko\u017eeluha.<\/p>\n","protected":false},"excerpt":{"rendered":"<p>U petak, 27. sije\u010dnja 2017., u prostorima Gradskog muzeja Kri\u017eevci odr\u017eana je tradicionalna No\u0107 muzeja, koja je ove godine tematski bila posve\u0107ena glazbi.<\/p>\n","protected":false},"author":2,"featured_media":338,"comment_status":"closed","ping_status":"closed","sticky":false,"template":"","format":"standard","meta":{"_bbp_topic_count":0,"_bbp_reply_count":0,"_bbp_total_topic_count":0,"_bbp_total_reply_count":0,"_bbp_voice_count":0,"_bbp_anonymous_reply_count":0,"_bbp_topic_count_hidden":0,"_bbp_reply_count_hidden":0,"_bbp_forum_subforum_count":0,"footnotes":""},"categories":[330],"tags":[],"class_list":["post-337","post","type-post","status-publish","format-standard","has-post-thumbnail","hentry","category-manifestacija"],"_links":{"self":[{"href":"https:\/\/www.gradski-muzej-krizevci.hr\/index.php?rest_route=\/wp\/v2\/posts\/337","targetHints":{"allow":["GET"]}}],"collection":[{"href":"https:\/\/www.gradski-muzej-krizevci.hr\/index.php?rest_route=\/wp\/v2\/posts"}],"about":[{"href":"https:\/\/www.gradski-muzej-krizevci.hr\/index.php?rest_route=\/wp\/v2\/types\/post"}],"author":[{"embeddable":true,"href":"https:\/\/www.gradski-muzej-krizevci.hr\/index.php?rest_route=\/wp\/v2\/users\/2"}],"replies":[{"embeddable":true,"href":"https:\/\/www.gradski-muzej-krizevci.hr\/index.php?rest_route=%2Fwp%2Fv2%2Fcomments&post=337"}],"version-history":[{"count":3,"href":"https:\/\/www.gradski-muzej-krizevci.hr\/index.php?rest_route=\/wp\/v2\/posts\/337\/revisions"}],"predecessor-version":[{"id":341,"href":"https:\/\/www.gradski-muzej-krizevci.hr\/index.php?rest_route=\/wp\/v2\/posts\/337\/revisions\/341"}],"wp:featuredmedia":[{"embeddable":true,"href":"https:\/\/www.gradski-muzej-krizevci.hr\/index.php?rest_route=\/wp\/v2\/media\/338"}],"wp:attachment":[{"href":"https:\/\/www.gradski-muzej-krizevci.hr\/index.php?rest_route=%2Fwp%2Fv2%2Fmedia&parent=337"}],"wp:term":[{"taxonomy":"category","embeddable":true,"href":"https:\/\/www.gradski-muzej-krizevci.hr\/index.php?rest_route=%2Fwp%2Fv2%2Fcategories&post=337"},{"taxonomy":"post_tag","embeddable":true,"href":"https:\/\/www.gradski-muzej-krizevci.hr\/index.php?rest_route=%2Fwp%2Fv2%2Ftags&post=337"}],"curies":[{"name":"wp","href":"https:\/\/api.w.org\/{rel}","templated":true}]}}