{"id":352,"date":"2017-03-02T09:34:43","date_gmt":"2017-03-02T08:34:43","guid":{"rendered":"http:\/\/www.gradski-muzej-krizevci.hr\/?p=352"},"modified":"2022-11-18T23:36:33","modified_gmt":"2022-11-18T22:36:33","slug":"otvorena-izlozba-ucenickih-radova-lik-2017","status":"publish","type":"post","link":"https:\/\/www.gradski-muzej-krizevci.hr\/?p=352","title":{"rendered":"Otvorena izlo\u017eba u\u010deni\u010dkih radova &#8211; LIK 2017."},"content":{"rendered":"<p>U sklopu \u017dupnanijske smotre likovnog stvarala\u0161tva osnovnih i srednjih \u0161kola Koprivni\u010dko-kri\u017eeva\u010dke \u017eupanije u Likovnoj galeriji gradskog muzeja Kri\u017eevci organizirana je izlo\u017eba u\u010deni\u010dkih radova na temu fotografije. <!--more-->Izlo\u017eeno je ukupno osamdeset radova u\u010denika osnovnih i srednjih \u0161kola.<\/p>\n<div id='gallery-1' class='gallery galleryid-352 gallery-columns-6 gallery-size-thumbnail'><figure class='gallery-item'>\n\t\t\t<div class='gallery-icon landscape'>\n\t\t\t\t<a title=\"img_3507\" href='https:\/\/www.gradski-muzej-krizevci.hr\/wp-content\/uploads\/2017\/03\/IMG_3507.jpg'><img loading=\"lazy\" decoding=\"async\" width=\"150\" height=\"150\" src=\"https:\/\/www.gradski-muzej-krizevci.hr\/wp-content\/uploads\/2017\/03\/IMG_3507-150x150.jpg\" class=\"attachment-thumbnail size-thumbnail\" alt=\"\" srcset=\"https:\/\/www.gradski-muzej-krizevci.hr\/wp-content\/uploads\/2017\/03\/IMG_3507-150x150.jpg 150w, https:\/\/www.gradski-muzej-krizevci.hr\/wp-content\/uploads\/2017\/03\/IMG_3507-60x60.jpg 60w\" sizes=\"auto, (max-width: 150px) 100vw, 150px\" \/><\/a>\n\t\t\t<\/div><\/figure><figure class='gallery-item'>\n\t\t\t<div class='gallery-icon portrait'>\n\t\t\t\t<a title=\"img_3513\" href='https:\/\/www.gradski-muzej-krizevci.hr\/wp-content\/uploads\/2017\/03\/IMG_3513.jpg'><img loading=\"lazy\" decoding=\"async\" width=\"150\" height=\"150\" src=\"https:\/\/www.gradski-muzej-krizevci.hr\/wp-content\/uploads\/2017\/03\/IMG_3513-150x150.jpg\" class=\"attachment-thumbnail size-thumbnail\" alt=\"\" srcset=\"https:\/\/www.gradski-muzej-krizevci.hr\/wp-content\/uploads\/2017\/03\/IMG_3513-150x150.jpg 150w, https:\/\/www.gradski-muzej-krizevci.hr\/wp-content\/uploads\/2017\/03\/IMG_3513-60x60.jpg 60w\" sizes=\"auto, (max-width: 150px) 100vw, 150px\" \/><\/a>\n\t\t\t<\/div><\/figure><figure class='gallery-item'>\n\t\t\t<div class='gallery-icon landscape'>\n\t\t\t\t<a title=\"img_3523\" href='https:\/\/www.gradski-muzej-krizevci.hr\/wp-content\/uploads\/2017\/03\/IMG_3523.jpg'><img loading=\"lazy\" decoding=\"async\" width=\"150\" height=\"150\" src=\"https:\/\/www.gradski-muzej-krizevci.hr\/wp-content\/uploads\/2017\/03\/IMG_3523-150x150.jpg\" class=\"attachment-thumbnail size-thumbnail\" alt=\"\" srcset=\"https:\/\/www.gradski-muzej-krizevci.hr\/wp-content\/uploads\/2017\/03\/IMG_3523-150x150.jpg 150w, https:\/\/www.gradski-muzej-krizevci.hr\/wp-content\/uploads\/2017\/03\/IMG_3523-60x60.jpg 60w\" sizes=\"auto, (max-width: 150px) 100vw, 150px\" \/><\/a>\n\t\t\t<\/div><\/figure><figure class='gallery-item'>\n\t\t\t<div class='gallery-icon landscape'>\n\t\t\t\t<a title=\"img_3531\" href='https:\/\/www.gradski-muzej-krizevci.hr\/wp-content\/uploads\/2017\/03\/IMG_3531.jpg'><img loading=\"lazy\" decoding=\"async\" width=\"150\" height=\"150\" src=\"https:\/\/www.gradski-muzej-krizevci.hr\/wp-content\/uploads\/2017\/03\/IMG_3531-150x150.jpg\" class=\"attachment-thumbnail size-thumbnail\" alt=\"\" srcset=\"https:\/\/www.gradski-muzej-krizevci.hr\/wp-content\/uploads\/2017\/03\/IMG_3531-150x150.jpg 150w, https:\/\/www.gradski-muzej-krizevci.hr\/wp-content\/uploads\/2017\/03\/IMG_3531-60x60.jpg 60w\" sizes=\"auto, (max-width: 150px) 100vw, 150px\" \/><\/a>\n\t\t\t<\/div><\/figure><figure class='gallery-item'>\n\t\t\t<div class='gallery-icon landscape'>\n\t\t\t\t<a title=\"img_3529\" href='https:\/\/www.gradski-muzej-krizevci.hr\/wp-content\/uploads\/2017\/03\/IMG_3529.jpg'><img loading=\"lazy\" decoding=\"async\" width=\"150\" height=\"150\" src=\"https:\/\/www.gradski-muzej-krizevci.hr\/wp-content\/uploads\/2017\/03\/IMG_3529-150x150.jpg\" class=\"attachment-thumbnail size-thumbnail\" alt=\"\" srcset=\"https:\/\/www.gradski-muzej-krizevci.hr\/wp-content\/uploads\/2017\/03\/IMG_3529-150x150.jpg 150w, https:\/\/www.gradski-muzej-krizevci.hr\/wp-content\/uploads\/2017\/03\/IMG_3529-60x60.jpg 60w\" sizes=\"auto, (max-width: 150px) 100vw, 150px\" \/><\/a>\n\t\t\t<\/div><\/figure><figure class='gallery-item'>\n\t\t\t<div class='gallery-icon landscape'>\n\t\t\t\t<a title=\"img_3543\" href='https:\/\/www.gradski-muzej-krizevci.hr\/wp-content\/uploads\/2017\/03\/IMG_3543.jpg'><img loading=\"lazy\" decoding=\"async\" width=\"150\" height=\"150\" src=\"https:\/\/www.gradski-muzej-krizevci.hr\/wp-content\/uploads\/2017\/03\/IMG_3543-150x150.jpg\" class=\"attachment-thumbnail size-thumbnail\" alt=\"\" srcset=\"https:\/\/www.gradski-muzej-krizevci.hr\/wp-content\/uploads\/2017\/03\/IMG_3543-150x150.jpg 150w, https:\/\/www.gradski-muzej-krizevci.hr\/wp-content\/uploads\/2017\/03\/IMG_3543-60x60.jpg 60w\" sizes=\"auto, (max-width: 150px) 100vw, 150px\" \/><\/a>\n\t\t\t<\/div><\/figure>\n\t\t<\/div>\n\n","protected":false},"excerpt":{"rendered":"<p>U sklopu \u017dupnanijske smotre likovnog stvarala\u0161tva osnovnih i srednjih \u0161kola Koprivni\u010dko-kri\u017eeva\u010dke \u017eupanije u Likovnoj galeriji gradskog muzeja Kri\u017eevci organizirana je izlo\u017eba u\u010deni\u010dkih radova na temu fotografije.<\/p>\n","protected":false},"author":2,"featured_media":351,"comment_status":"closed","ping_status":"closed","sticky":false,"template":"","format":"standard","meta":{"_bbp_topic_count":0,"_bbp_reply_count":0,"_bbp_total_topic_count":0,"_bbp_total_reply_count":0,"_bbp_voice_count":0,"_bbp_anonymous_reply_count":0,"_bbp_topic_count_hidden":0,"_bbp_reply_count_hidden":0,"_bbp_forum_subforum_count":0,"footnotes":""},"categories":[329],"tags":[],"class_list":["post-352","post","type-post","status-publish","format-standard","has-post-thumbnail","hentry","category-izlozba"],"_links":{"self":[{"href":"https:\/\/www.gradski-muzej-krizevci.hr\/index.php?rest_route=\/wp\/v2\/posts\/352","targetHints":{"allow":["GET"]}}],"collection":[{"href":"https:\/\/www.gradski-muzej-krizevci.hr\/index.php?rest_route=\/wp\/v2\/posts"}],"about":[{"href":"https:\/\/www.gradski-muzej-krizevci.hr\/index.php?rest_route=\/wp\/v2\/types\/post"}],"author":[{"embeddable":true,"href":"https:\/\/www.gradski-muzej-krizevci.hr\/index.php?rest_route=\/wp\/v2\/users\/2"}],"replies":[{"embeddable":true,"href":"https:\/\/www.gradski-muzej-krizevci.hr\/index.php?rest_route=%2Fwp%2Fv2%2Fcomments&post=352"}],"version-history":[{"count":2,"href":"https:\/\/www.gradski-muzej-krizevci.hr\/index.php?rest_route=\/wp\/v2\/posts\/352\/revisions"}],"predecessor-version":[{"id":354,"href":"https:\/\/www.gradski-muzej-krizevci.hr\/index.php?rest_route=\/wp\/v2\/posts\/352\/revisions\/354"}],"wp:featuredmedia":[{"embeddable":true,"href":"https:\/\/www.gradski-muzej-krizevci.hr\/index.php?rest_route=\/wp\/v2\/media\/351"}],"wp:attachment":[{"href":"https:\/\/www.gradski-muzej-krizevci.hr\/index.php?rest_route=%2Fwp%2Fv2%2Fmedia&parent=352"}],"wp:term":[{"taxonomy":"category","embeddable":true,"href":"https:\/\/www.gradski-muzej-krizevci.hr\/index.php?rest_route=%2Fwp%2Fv2%2Fcategories&post=352"},{"taxonomy":"post_tag","embeddable":true,"href":"https:\/\/www.gradski-muzej-krizevci.hr\/index.php?rest_route=%2Fwp%2Fv2%2Ftags&post=352"}],"curies":[{"name":"wp","href":"https:\/\/api.w.org\/{rel}","templated":true}]}}