{"id":3581,"date":"2021-11-18T09:18:30","date_gmt":"2021-11-18T08:18:30","guid":{"rendered":"http:\/\/www.gradski-muzej-krizevci.hr\/?p=3581"},"modified":"2022-11-18T23:02:16","modified_gmt":"2022-11-18T22:02:16","slug":"zavrseno-ovogodisnje-arheolosko-istrazivanje-lokaliteta-brezovljani","status":"publish","type":"post","link":"https:\/\/www.gradski-muzej-krizevci.hr\/?p=3581","title":{"rendered":"Zavr\u0161eno ovogodi\u0161nje istra\u017eivanje lokaliteta Brezovljani"},"content":{"rendered":"<p>Gradski muzej Kri\u017eevci zavr\u0161io je 28. 10. 2021. god. s ovogodi\u0161njim istra\u017eivanjima nalazi\u0161ta Brezovljani, zasad najranijeg arheolo\u0161kog lokaliteta na \u0161irem kri\u017eeva\u010dkom podru\u010dju. Istra\u017eena je povr\u0161ina od 84 m\u00b2 kojom su obuhva\u0107ene dvije zemunice koje bi se mogle okarakterizirati kao radna i stambena te jedan manji radni prostor.<\/p>\n<p>Radioni\u010dka zemunica istra\u017eena je u du\u017eini od 9,30 m. Izlazi izvan iskopa, a sastoji se od vi\u0161e odjeljaka razli\u010ditih dubina. U ju\u017enom dijelu zemunice nalaze se ostaci pe\u0107i ovalnog tlocrta (kupola nije sa\u010duvana). Zapadno od radioni\u010dke smje\u0161tena je stambena zemunica. Tako\u0111er izlazi izvan iskopa te je istra\u017eena u dimenzijama 6,00 x 4,50 m. U istra\u017eenom dijelu objekta isti\u010du se dva ne\u0161to ve\u0107a prostora odijeljena zidom od nabijene zemlje. U blizini zemunica nalazi se manji, plitko ukopani radni prostor. Slu\u017eio je za izradu kamenih izra\u0111evina.<\/p>\n<p>Tijekom ovogodi\u0161njih iskopavanja prikupljeno je obilje arheolo\u0161kog materijala. Najvi\u0161e je ulomaka kerami\u010dkog posu\u0111a me\u0111u kojima se izdvajaju oni tankih stijenki, fino ugla\u010dani te ukra\u0161eni crvenim slikanjem, kao i otiskom prsta ili nokta, a isti\u010de se i fragment ukra\u0161en \u017eivotinjskom glavom (rogovi i nju\u0161ka) koja je imala funkciju ru\u010dke. Od ostalih kerami\u010dkih nalaza prona\u0111eni su utezi za tkala\u010dki stan. Izuzetno je bogat i kameni materijal. Zastupljen je brojnim sje\u010divima, struga\u010dima, \u0161ilima, jezgrama, brusevima, sjekirama, dlijetom te \u017ervnjevima.<\/p>\n<p>Ovogodi\u0161nja istra\u017eivanja pridonijet \u0107e sagledavanju ukupne slike naselja iz razdoblja mla\u0111eg kamenog doba koje datira od oko 4900 do 4600 god. \u00a0pr. Kr.<\/p>\n<p>Nalazi\u0161te su tijekom iskopavanja posjetili u\u010denici 5. do 8. razreda O\u0160 \u201eGrigor Vitez\u201c Sv. Ivan \u017dabno te im je odr\u017eano kra\u0107e predavanje o lokalitetu i objektima koji se istra\u017euju, a ujedno su\u00a0 razgledali i prona\u0111eni arheolo\u0161ki materijal.<\/p>\n<p>Iskopavanja su omogu\u0107ena sredstvima Koprivni\u010dko \u2013 kri\u017eeva\u010dke \u017eupanije i Op\u0107ine Sv. Ivan \u017dabno.<\/p>\n<p>&nbsp;<\/p>\n","protected":false},"excerpt":{"rendered":"<p>Gradski muzej Kri\u017eevci zavr\u0161io je 28. 10. 2021. god. s ovogodi\u0161njim istra\u017eivanjima nalazi\u0161ta Brezovljani, zasad najranijeg arheolo\u0161kog lokaliteta na \u0161irem kri\u017eeva\u010dkom podru\u010dju. Istra\u017eena je povr\u0161ina od 84 m\u00b2 kojom su&hellip;<\/p>\n","protected":false},"author":4,"featured_media":3582,"comment_status":"closed","ping_status":"closed","sticky":false,"template":"","format":"standard","meta":{"_bbp_topic_count":0,"_bbp_reply_count":0,"_bbp_total_topic_count":0,"_bbp_total_reply_count":0,"_bbp_voice_count":0,"_bbp_anonymous_reply_count":0,"_bbp_topic_count_hidden":0,"_bbp_reply_count_hidden":0,"_bbp_forum_subforum_count":0,"footnotes":""},"categories":[331],"tags":[],"class_list":["post-3581","post","type-post","status-publish","format-standard","has-post-thumbnail","hentry","category-obavijest"],"_links":{"self":[{"href":"https:\/\/www.gradski-muzej-krizevci.hr\/index.php?rest_route=\/wp\/v2\/posts\/3581","targetHints":{"allow":["GET"]}}],"collection":[{"href":"https:\/\/www.gradski-muzej-krizevci.hr\/index.php?rest_route=\/wp\/v2\/posts"}],"about":[{"href":"https:\/\/www.gradski-muzej-krizevci.hr\/index.php?rest_route=\/wp\/v2\/types\/post"}],"author":[{"embeddable":true,"href":"https:\/\/www.gradski-muzej-krizevci.hr\/index.php?rest_route=\/wp\/v2\/users\/4"}],"replies":[{"embeddable":true,"href":"https:\/\/www.gradski-muzej-krizevci.hr\/index.php?rest_route=%2Fwp%2Fv2%2Fcomments&post=3581"}],"version-history":[{"count":3,"href":"https:\/\/www.gradski-muzej-krizevci.hr\/index.php?rest_route=\/wp\/v2\/posts\/3581\/revisions"}],"predecessor-version":[{"id":4487,"href":"https:\/\/www.gradski-muzej-krizevci.hr\/index.php?rest_route=\/wp\/v2\/posts\/3581\/revisions\/4487"}],"wp:featuredmedia":[{"embeddable":true,"href":"https:\/\/www.gradski-muzej-krizevci.hr\/index.php?rest_route=\/wp\/v2\/media\/3582"}],"wp:attachment":[{"href":"https:\/\/www.gradski-muzej-krizevci.hr\/index.php?rest_route=%2Fwp%2Fv2%2Fmedia&parent=3581"}],"wp:term":[{"taxonomy":"category","embeddable":true,"href":"https:\/\/www.gradski-muzej-krizevci.hr\/index.php?rest_route=%2Fwp%2Fv2%2Fcategories&post=3581"},{"taxonomy":"post_tag","embeddable":true,"href":"https:\/\/www.gradski-muzej-krizevci.hr\/index.php?rest_route=%2Fwp%2Fv2%2Ftags&post=3581"}],"curies":[{"name":"wp","href":"https:\/\/api.w.org\/{rel}","templated":true}]}}