{"id":4007,"date":"2022-06-10T15:18:24","date_gmt":"2022-06-10T14:18:24","guid":{"rendered":"http:\/\/www.gradski-muzej-krizevci.hr\/?p=4007"},"modified":"2022-11-18T22:54:53","modified_gmt":"2022-11-18T21:54:53","slug":"izlozba-lucija-kovacic","status":"publish","type":"post","link":"https:\/\/www.gradski-muzej-krizevci.hr\/?p=4007","title":{"rendered":"Izlo\u017eba: Lucija Kova\u010di\u0107 &#8220;Pogled kroz 19&#8221;"},"content":{"rendered":"<p><strong>IZLO\u017dBA<\/strong><\/p>\n<p><strong>LUCIJA KOVA\u010cI\u0106<\/strong><\/p>\n<p><em><strong>&#8220;POGLED KROZ 19&#8221;<\/strong><\/em><\/p>\n<p><em><strong>Samostalna izlo\u017eba<\/strong><\/em><\/p>\n<p><strong>9. &#8211; 25. 6. 2022.<\/strong><\/p>\n<p><strong>Likovna galerija Gradskog muzeja Kri\u017eevci, Trg Antuna Nem\u010di\u0107a 6\/1<\/strong><\/p>\n<p><strong>Otvorenje izlo\u017ebe odr\u017eat \u0107e se 9. lipnja<\/strong> <strong>2022. u 19 sati u Likovnoj galeriji<\/strong><\/p>\n<p>Izlo\u017eba \u0107e se mo\u0107i razgledati sve do 25. lipnja 2022. svaki radni dan od 10 &#8211; 13 sati, subotom od 10 &#8211; 12 sati, nedjeljom, blagdanom i praznikom zatvoreno.<\/p>\n<p><img loading=\"lazy\" decoding=\"async\" class=\"alignnone  wp-image-4009\" src=\"http:\/\/www.gradski-muzej-krizevci.hr\/wp-content\/uploads\/2022\/05\/3-300x300.jpg\" alt=\"\" width=\"511\" height=\"511\" srcset=\"https:\/\/www.gradski-muzej-krizevci.hr\/wp-content\/uploads\/2022\/05\/3-300x300.jpg 300w, https:\/\/www.gradski-muzej-krizevci.hr\/wp-content\/uploads\/2022\/05\/3-1024x1024.jpg 1024w, https:\/\/www.gradski-muzej-krizevci.hr\/wp-content\/uploads\/2022\/05\/3-150x150.jpg 150w, https:\/\/www.gradski-muzej-krizevci.hr\/wp-content\/uploads\/2022\/05\/3-768x768.jpg 768w, https:\/\/www.gradski-muzej-krizevci.hr\/wp-content\/uploads\/2022\/05\/3-1536x1536.jpg 1536w, https:\/\/www.gradski-muzej-krizevci.hr\/wp-content\/uploads\/2022\/05\/3-1600x1600.jpg 1600w, https:\/\/www.gradski-muzej-krizevci.hr\/wp-content\/uploads\/2022\/05\/3.jpg 1654w\" sizes=\"auto, (max-width: 511px) 100vw, 511px\" \/> <img loading=\"lazy\" decoding=\"async\" class=\"alignnone  wp-image-4010\" src=\"http:\/\/www.gradski-muzej-krizevci.hr\/wp-content\/uploads\/2022\/05\/4-300x300.jpg\" alt=\"\" width=\"511\" height=\"511\" srcset=\"https:\/\/www.gradski-muzej-krizevci.hr\/wp-content\/uploads\/2022\/05\/4-300x300.jpg 300w, https:\/\/www.gradski-muzej-krizevci.hr\/wp-content\/uploads\/2022\/05\/4-1024x1024.jpg 1024w, https:\/\/www.gradski-muzej-krizevci.hr\/wp-content\/uploads\/2022\/05\/4-150x150.jpg 150w, https:\/\/www.gradski-muzej-krizevci.hr\/wp-content\/uploads\/2022\/05\/4-768x768.jpg 768w, https:\/\/www.gradski-muzej-krizevci.hr\/wp-content\/uploads\/2022\/05\/4-1536x1536.jpg 1536w, https:\/\/www.gradski-muzej-krizevci.hr\/wp-content\/uploads\/2022\/05\/4-1600x1600.jpg 1600w, https:\/\/www.gradski-muzej-krizevci.hr\/wp-content\/uploads\/2022\/05\/4.jpg 1654w\" sizes=\"auto, (max-width: 511px) 100vw, 511px\" \/><\/p>\n<p>&nbsp;<\/p>\n","protected":false},"excerpt":{"rendered":"<p>IZLO\u017dBA LUCIJA KOVA\u010cI\u0106 &#8220;POGLED KROZ 19&#8221; Samostalna izlo\u017eba 9. &#8211; 25. 6. 2022. Likovna galerija Gradskog muzeja Kri\u017eevci, Trg Antuna Nem\u010di\u0107a 6\/1 Otvorenje izlo\u017ebe odr\u017eat \u0107e se 9. lipnja 2022.&hellip;<\/p>\n","protected":false},"author":4,"featured_media":4008,"comment_status":"closed","ping_status":"closed","sticky":false,"template":"","format":"standard","meta":{"_bbp_topic_count":0,"_bbp_reply_count":0,"_bbp_total_topic_count":0,"_bbp_total_reply_count":0,"_bbp_voice_count":0,"_bbp_anonymous_reply_count":0,"_bbp_topic_count_hidden":0,"_bbp_reply_count_hidden":0,"_bbp_forum_subforum_count":0,"footnotes":""},"categories":[329],"tags":[],"class_list":["post-4007","post","type-post","status-publish","format-standard","has-post-thumbnail","hentry","category-izlozba"],"_links":{"self":[{"href":"https:\/\/www.gradski-muzej-krizevci.hr\/index.php?rest_route=\/wp\/v2\/posts\/4007","targetHints":{"allow":["GET"]}}],"collection":[{"href":"https:\/\/www.gradski-muzej-krizevci.hr\/index.php?rest_route=\/wp\/v2\/posts"}],"about":[{"href":"https:\/\/www.gradski-muzej-krizevci.hr\/index.php?rest_route=\/wp\/v2\/types\/post"}],"author":[{"embeddable":true,"href":"https:\/\/www.gradski-muzej-krizevci.hr\/index.php?rest_route=\/wp\/v2\/users\/4"}],"replies":[{"embeddable":true,"href":"https:\/\/www.gradski-muzej-krizevci.hr\/index.php?rest_route=%2Fwp%2Fv2%2Fcomments&post=4007"}],"version-history":[{"count":6,"href":"https:\/\/www.gradski-muzej-krizevci.hr\/index.php?rest_route=\/wp\/v2\/posts\/4007\/revisions"}],"predecessor-version":[{"id":4130,"href":"https:\/\/www.gradski-muzej-krizevci.hr\/index.php?rest_route=\/wp\/v2\/posts\/4007\/revisions\/4130"}],"wp:featuredmedia":[{"embeddable":true,"href":"https:\/\/www.gradski-muzej-krizevci.hr\/index.php?rest_route=\/wp\/v2\/media\/4008"}],"wp:attachment":[{"href":"https:\/\/www.gradski-muzej-krizevci.hr\/index.php?rest_route=%2Fwp%2Fv2%2Fmedia&parent=4007"}],"wp:term":[{"taxonomy":"category","embeddable":true,"href":"https:\/\/www.gradski-muzej-krizevci.hr\/index.php?rest_route=%2Fwp%2Fv2%2Fcategories&post=4007"},{"taxonomy":"post_tag","embeddable":true,"href":"https:\/\/www.gradski-muzej-krizevci.hr\/index.php?rest_route=%2Fwp%2Fv2%2Ftags&post=4007"}],"curies":[{"name":"wp","href":"https:\/\/api.w.org\/{rel}","templated":true}]}}