{"id":4041,"date":"2022-06-01T09:57:57","date_gmt":"2022-06-01T08:57:57","guid":{"rendered":"https:\/\/www.gradski-muzej-krizevci.hr\/?p=4041"},"modified":"2022-11-18T22:55:46","modified_gmt":"2022-11-18T21:55:46","slug":"krizevacko-veliko-spravisce-u-gradskom-muzeju-krizevci-od-3-5-6-2022","status":"publish","type":"post","link":"https:\/\/www.gradski-muzej-krizevci.hr\/?p=4041","title":{"rendered":"Kri\u017eeva\u010dko veliko spravi\u0161\u010de u Gradskom muzeju Kri\u017eevci od 3. &#8211; 5. 6. 2022."},"content":{"rendered":"<p style=\"text-align: justify;\"><strong>U dane Spravi\u0161\u010da (petak &#8211; nedjelja) stalni postav Gradskog muzeja Kri\u017eevci, Etno park i Likovna galerija \u00a0biti \u0107e otvoreni od 10 \u2013 13 i od 17 \u2013 20 sati. Ulaz je besplatan.<\/strong><\/p>\n<p><iframe loading=\"lazy\" src=\"\/\/www.youtube.com\/embed\/NZpTZ8zuR2E\" width=\"560\" height=\"314\" allowfullscreen=\"allowfullscreen\"><\/iframe><\/p>\n<p style=\"text-align: justify;\"><strong>Umjetni\u010dko istra\u017eiva\u010dki projekt \u201cProtokol o dogodov\u0161tinama\u201d realizirati \u0107e se 4. i 5. lipnja 2022. u Etno parku Gradskog muzeja Kri\u017eevci.<\/strong><\/p>\n<p style=\"text-align: justify;\"><strong><img loading=\"lazy\" decoding=\"async\" class=\"alignnone wp-image-3982\" src=\"http:\/\/www.gradski-muzej-krizevci.hr\/wp-content\/uploads\/2022\/05\/IMG-20220313-WA0003-300x225.jpg\" alt=\"\" width=\"473\" height=\"355\" srcset=\"https:\/\/www.gradski-muzej-krizevci.hr\/wp-content\/uploads\/2022\/05\/IMG-20220313-WA0003-300x225.jpg 300w, https:\/\/www.gradski-muzej-krizevci.hr\/wp-content\/uploads\/2022\/05\/IMG-20220313-WA0003-1024x768.jpg 1024w, https:\/\/www.gradski-muzej-krizevci.hr\/wp-content\/uploads\/2022\/05\/IMG-20220313-WA0003-768x576.jpg 768w, https:\/\/www.gradski-muzej-krizevci.hr\/wp-content\/uploads\/2022\/05\/IMG-20220313-WA0003-1536x1152.jpg 1536w, https:\/\/www.gradski-muzej-krizevci.hr\/wp-content\/uploads\/2022\/05\/IMG-20220313-WA0003.jpg 1600w\" sizes=\"auto, (max-width: 473px) 100vw, 473px\" \/><\/strong><\/p>\n<p style=\"text-align: justify;\"><strong>4. 6. 2022. od 17 sati, <\/strong>Etno park Gradskog muzeja Kri\u017eevci, Tome Sermagea 2 <strong>\u2013 radionice s u\u010denicima srednjih \u0161kola.<\/strong><\/p>\n<p style=\"text-align: justify;\"><strong>5. 6. 2022. u 12 sati, <\/strong>Etno park Gradskog muzeja Kri\u017eevci, Tome Sermagea 2<strong> \u2013 Otvorenje izlo\u017ebe \u201cProtokol o dogodov\u0161tinama\u201d<\/strong><\/p>\n<p style=\"text-align: justify;\"><strong>&#8220;Protokol o dogodov\u0161tinama&#8221;<\/strong> projekt je koji se realizira u suradnji <strong>Gradskog muzeja Kri\u017eevci<\/strong> i <strong>Akademije likovnih umjetnosti u Zagrebu<\/strong>, a u projektu sudjeluju studenti i studentice Akademije likovnih umjetnosti <strong>Laura Stojkoski, Mirta Vulelija, Marko Domazet, Lea Pla\u0161\u010dar, Ante \u0160abi\u0107, Kristijan Popovi\u0107, Antun Sekuli\u0107, Lana Zubovi\u0107, Marta Dijak, Marta Katavi\u0107 i Magdalena Bi\u0161kup, Dorian Pacak, Ante Dujmovi\u0107, Jan \u010camber, Dorotea Kova\u010di\u0107<\/strong>; polaznici i suradnici kolegija Antropologija umjetnosti u javnom prostoru nositelja <strong>izv. prof. dr. sc. Josipa Zankija. <\/strong>U radioni\u010dkom dijelu projekta sudjelovat \u0107e u\u010denice i u\u010denici srednjih \u0161kola iz Kri\u017eevaca kao i kri\u017eeva\u010dki srednjo\u0161kolci koji poha\u0111aju \u0161kole u Koprivnici i Zagrebu.\u00a0Otvorenje izlo\u017ebe odr\u017eat \u0107e se <strong>5. 6. 2022. u Etno parku Muzeja<\/strong>, a otvorenju izlo\u017ebe prisustvovat \u0107e i Dekan Akademije likovnih umjetnosti Sveu\u010dili\u0161ta u Zagrebu, gospodin <strong>Tomislav Buntak<\/strong>.<\/p>\n<p style=\"text-align: justify;\"><strong>U Likovnoj galeriji mo\u017ee se razgledati izlo\u017ebu <a href=\"https:\/\/www.gradski-muzej-krizevci.hr\/?p=3972\" target=\"_blank\" rel=\"noopener\">Iris Mihatov Mio\u010di\u0107 &#8220;Hrvatski sveci i bla\u017eenici u na\u0161em narodu&#8221;<\/a><\/strong><\/p>\n<p><img loading=\"lazy\" decoding=\"async\" class=\"wp-image-3975 alignleft\" src=\"http:\/\/www.gradski-muzej-krizevci.hr\/wp-content\/uploads\/2022\/05\/14.-Dani-HSIB-2022.-program-1-e1653059952214-234x300.jpg\" alt=\"\" width=\"211\" height=\"271\" srcset=\"https:\/\/www.gradski-muzej-krizevci.hr\/wp-content\/uploads\/2022\/05\/14.-Dani-HSIB-2022.-program-1-e1653059952214-234x300.jpg 234w, https:\/\/www.gradski-muzej-krizevci.hr\/wp-content\/uploads\/2022\/05\/14.-Dani-HSIB-2022.-program-1-e1653059952214.jpg 460w\" sizes=\"auto, (max-width: 211px) 100vw, 211px\" \/><img loading=\"lazy\" decoding=\"async\" class=\"size-medium wp-image-4043 alignnone\" src=\"http:\/\/www.gradski-muzej-krizevci.hr\/wp-content\/uploads\/2022\/06\/012-Naslovnica-kataloga-izlozbe-Hrvatski-sveci-i-blazenici-Iris-Mihatov-Miocic-300x287.jpg\" alt=\"\" width=\"300\" height=\"287\" srcset=\"https:\/\/www.gradski-muzej-krizevci.hr\/wp-content\/uploads\/2022\/06\/012-Naslovnica-kataloga-izlozbe-Hrvatski-sveci-i-blazenici-Iris-Mihatov-Miocic-300x287.jpg 300w, https:\/\/www.gradski-muzej-krizevci.hr\/wp-content\/uploads\/2022\/06\/012-Naslovnica-kataloga-izlozbe-Hrvatski-sveci-i-blazenici-Iris-Mihatov-Miocic-768x734.jpg 768w, https:\/\/www.gradski-muzej-krizevci.hr\/wp-content\/uploads\/2022\/06\/012-Naslovnica-kataloga-izlozbe-Hrvatski-sveci-i-blazenici-Iris-Mihatov-Miocic.jpg 965w\" sizes=\"auto, (max-width: 300px) 100vw, 300px\" \/><\/p>\n<p style=\"text-align: justify;\"><strong>Program Kri\u017eeva\u010dkog velikog spravi\u0161\u010da pogledajte <a href=\"https:\/\/krizevci.hr\/krizevacko-veliko-spravisce-od-3-do-5-lipnja\/\" target=\"_blank\" rel=\"noopener\">OVDJE.<\/a><\/strong><\/p>\n","protected":false},"excerpt":{"rendered":"<p>U dane Spravi\u0161\u010da (petak &#8211; nedjelja) stalni postav Gradskog muzeja Kri\u017eevci, Etno park i Likovna galerija \u00a0biti \u0107e otvoreni od 10 \u2013 13 i od 17 \u2013 20 sati. Ulaz&hellip;<\/p>\n","protected":false},"author":4,"featured_media":4042,"comment_status":"closed","ping_status":"closed","sticky":false,"template":"","format":"standard","meta":{"_bbp_topic_count":0,"_bbp_reply_count":0,"_bbp_total_topic_count":0,"_bbp_total_reply_count":0,"_bbp_voice_count":0,"_bbp_anonymous_reply_count":0,"_bbp_topic_count_hidden":0,"_bbp_reply_count_hidden":0,"_bbp_forum_subforum_count":0,"footnotes":""},"categories":[330],"tags":[],"class_list":["post-4041","post","type-post","status-publish","format-standard","has-post-thumbnail","hentry","category-manifestacija"],"_links":{"self":[{"href":"https:\/\/www.gradski-muzej-krizevci.hr\/index.php?rest_route=\/wp\/v2\/posts\/4041","targetHints":{"allow":["GET"]}}],"collection":[{"href":"https:\/\/www.gradski-muzej-krizevci.hr\/index.php?rest_route=\/wp\/v2\/posts"}],"about":[{"href":"https:\/\/www.gradski-muzej-krizevci.hr\/index.php?rest_route=\/wp\/v2\/types\/post"}],"author":[{"embeddable":true,"href":"https:\/\/www.gradski-muzej-krizevci.hr\/index.php?rest_route=\/wp\/v2\/users\/4"}],"replies":[{"embeddable":true,"href":"https:\/\/www.gradski-muzej-krizevci.hr\/index.php?rest_route=%2Fwp%2Fv2%2Fcomments&post=4041"}],"version-history":[{"count":6,"href":"https:\/\/www.gradski-muzej-krizevci.hr\/index.php?rest_route=\/wp\/v2\/posts\/4041\/revisions"}],"predecessor-version":[{"id":4087,"href":"https:\/\/www.gradski-muzej-krizevci.hr\/index.php?rest_route=\/wp\/v2\/posts\/4041\/revisions\/4087"}],"wp:featuredmedia":[{"embeddable":true,"href":"https:\/\/www.gradski-muzej-krizevci.hr\/index.php?rest_route=\/wp\/v2\/media\/4042"}],"wp:attachment":[{"href":"https:\/\/www.gradski-muzej-krizevci.hr\/index.php?rest_route=%2Fwp%2Fv2%2Fmedia&parent=4041"}],"wp:term":[{"taxonomy":"category","embeddable":true,"href":"https:\/\/www.gradski-muzej-krizevci.hr\/index.php?rest_route=%2Fwp%2Fv2%2Fcategories&post=4041"},{"taxonomy":"post_tag","embeddable":true,"href":"https:\/\/www.gradski-muzej-krizevci.hr\/index.php?rest_route=%2Fwp%2Fv2%2Ftags&post=4041"}],"curies":[{"name":"wp","href":"https:\/\/api.w.org\/{rel}","templated":true}]}}