{"id":4131,"date":"2022-06-20T10:12:05","date_gmt":"2022-06-20T09:12:05","guid":{"rendered":"http:\/\/www.gradski-muzej-krizevci.hr\/?p=4131"},"modified":"2022-11-18T22:53:49","modified_gmt":"2022-11-18T21:53:49","slug":"odrzana-arheoloska-radionica","status":"publish","type":"post","link":"https:\/\/www.gradski-muzej-krizevci.hr\/?p=4131","title":{"rendered":"ODR\u017dANA ARHEOLO\u0160KA RADIONICA"},"content":{"rendered":"<p>&nbsp;<\/p>\n<p>U subotu, 18. lipnja, u ambijentu etno \u2013 parka Gradskog muzeja Kri\u017eevci odr\u017eana je, povodom manifestacije Europski dani arheologije 2022., arheolo\u0161ka radionica <em>PRAPOVIJESNI KERAMI\u010cARI. <\/em>Polaznici radionice modelirali su u glini posude prema oblicima prapovijesnog kerami\u010dkog posu\u0111a s lokaliteta kri\u017eeva\u010dkog podru\u010dja.<\/p>\n<p>Na radionicu su se uglavnom odazvali u\u010denici zavr\u0161nog razreda osnovne \u0161kole.<\/p>\n","protected":false},"excerpt":{"rendered":"<p>&nbsp; U subotu, 18. lipnja, u ambijentu etno \u2013 parka Gradskog muzeja Kri\u017eevci odr\u017eana je, povodom manifestacije Europski dani arheologije 2022., arheolo\u0161ka radionica PRAPOVIJESNI KERAMI\u010cARI. Polaznici radionice modelirali su u&hellip;<\/p>\n","protected":false},"author":4,"featured_media":0,"comment_status":"closed","ping_status":"closed","sticky":false,"template":"","format":"standard","meta":{"_bbp_topic_count":0,"_bbp_reply_count":0,"_bbp_total_topic_count":0,"_bbp_total_reply_count":0,"_bbp_voice_count":0,"_bbp_anonymous_reply_count":0,"_bbp_topic_count_hidden":0,"_bbp_reply_count_hidden":0,"_bbp_forum_subforum_count":0,"footnotes":""},"categories":[333],"tags":[],"class_list":["post-4131","post","type-post","status-publish","format-standard","hentry","category-radionica"],"_links":{"self":[{"href":"https:\/\/www.gradski-muzej-krizevci.hr\/index.php?rest_route=\/wp\/v2\/posts\/4131","targetHints":{"allow":["GET"]}}],"collection":[{"href":"https:\/\/www.gradski-muzej-krizevci.hr\/index.php?rest_route=\/wp\/v2\/posts"}],"about":[{"href":"https:\/\/www.gradski-muzej-krizevci.hr\/index.php?rest_route=\/wp\/v2\/types\/post"}],"author":[{"embeddable":true,"href":"https:\/\/www.gradski-muzej-krizevci.hr\/index.php?rest_route=\/wp\/v2\/users\/4"}],"replies":[{"embeddable":true,"href":"https:\/\/www.gradski-muzej-krizevci.hr\/index.php?rest_route=%2Fwp%2Fv2%2Fcomments&post=4131"}],"version-history":[{"count":2,"href":"https:\/\/www.gradski-muzej-krizevci.hr\/index.php?rest_route=\/wp\/v2\/posts\/4131\/revisions"}],"predecessor-version":[{"id":4135,"href":"https:\/\/www.gradski-muzej-krizevci.hr\/index.php?rest_route=\/wp\/v2\/posts\/4131\/revisions\/4135"}],"wp:attachment":[{"href":"https:\/\/www.gradski-muzej-krizevci.hr\/index.php?rest_route=%2Fwp%2Fv2%2Fmedia&parent=4131"}],"wp:term":[{"taxonomy":"category","embeddable":true,"href":"https:\/\/www.gradski-muzej-krizevci.hr\/index.php?rest_route=%2Fwp%2Fv2%2Fcategories&post=4131"},{"taxonomy":"post_tag","embeddable":true,"href":"https:\/\/www.gradski-muzej-krizevci.hr\/index.php?rest_route=%2Fwp%2Fv2%2Ftags&post=4131"}],"curies":[{"name":"wp","href":"https:\/\/api.w.org\/{rel}","templated":true}]}}