{"id":4418,"date":"2022-11-11T10:50:37","date_gmt":"2022-11-11T09:50:37","guid":{"rendered":"http:\/\/www.gradski-muzej-krizevci.hr\/?p=4418"},"modified":"2022-11-17T19:15:06","modified_gmt":"2022-11-17T18:15:06","slug":"fundus-u-gostima-djela-ive-friscica-na-izlozbi-u-gradskom-muzeju-bjelovar","status":"publish","type":"post","link":"https:\/\/www.gradski-muzej-krizevci.hr\/?p=4418","title":{"rendered":"Fundus u gostima: Djela Ive Fri\u0161\u010di\u0107a na izlo\u017ebi u Gradskom muzeju Bjelovar"},"content":{"rendered":"<p>Fundus u gostima: Djela Ive Fri\u0161\u010di\u0107a iz Likovne (umjetni\u010dke) zbirke na izlo\u017ebi u Gradskom muzeju Bjelovar<\/p>\n<p><span class=\"x193iq5w xeuugli x13faqbe x1vvkbs x1xmvt09 x1lliihq x1s928wv xhkezso x1gmr53x x1cpjm7i x1fgarty x1943h6x xudqn12 x3x7a5m x6prxxf xvq8zen xo1l8bm xzsf02u x1yc453h\" dir=\"auto\">\u010cetiri vrijedna djela Ive Fri\u0161\u010di\u0107a iz Likovne (umjetni\u010dke) zbirke Gradskog muzeja Kri\u017eevci, koja su do nedavno gostovala u <a class=\"x1i10hfl xjbqb8w x6umtig x1b1mbwd xaqea5y xav7gou x9f619 x1ypdohk xt0psk2 xe8uvvx xdj266r x11i5rnm xat24cr x1mh8g0r xexx8yu x4uap5 x18d9i69 xkhd6sd x16tdsg8 x1hl2dhg xggy1nq x1a2a7pz xt0b8zv x1qq9wsj xo1l8bm\" tabindex=\"0\" role=\"link\" href=\"https:\/\/www.facebook.com\/nacionalnimuzejmoderneumjetnosti?__cft__[0]=AZUw_qhy9i58NdhtbWqAV2cVBzK0t1YCOTqqVsoik1AtQfQraAnIpokhlAjSP5wK3NnwkpvlYgTOgDFjbX4J6jLvuARwkNUNduCXNybVmwp4uLABirp4nik341y2drkc39peWgsi2h0AyZXgFkTJMuP3aui9xrR1w6379jaxwxtQMQmoY2CGD_vL_2q1PTUC6gW5NlcXfhzTS_Mmj5vSeR0x&amp;__tn__=-]K-R\"><span class=\"xt0psk2\">Nacionalni muzej moderne umjetnosti \/ National Museum of Modern Art, Zagreb<\/span><\/a> svoje gostovanje nastavljaju u Bjelovaru <a class=\"x1i10hfl xjbqb8w x6umtig x1b1mbwd xaqea5y xav7gou x9f619 x1ypdohk xt0psk2 xe8uvvx xdj266r x11i5rnm xat24cr x1mh8g0r xexx8yu x4uap5 x18d9i69 xkhd6sd x16tdsg8 x1hl2dhg xggy1nq x1a2a7pz xt0b8zv x1qq9wsj xo1l8bm\" tabindex=\"0\" role=\"link\" href=\"https:\/\/www.facebook.com\/gradskimuzejbj?__cft__[0]=AZUw_qhy9i58NdhtbWqAV2cVBzK0t1YCOTqqVsoik1AtQfQraAnIpokhlAjSP5wK3NnwkpvlYgTOgDFjbX4J6jLvuARwkNUNduCXNybVmwp4uLABirp4nik341y2drkc39peWgsi2h0AyZXgFkTJMuP3aui9xrR1w6379jaxwxtQMQmoY2CGD_vL_2q1PTUC6gW5NlcXfhzTS_Mmj5vSeR0x&amp;__tn__=-]K-R\"><span class=\"xt0psk2\">Gradski muzej Bjelovar<\/span><\/a> u postavu izlo\u017ebe &#8220;O\u010dima kameleona&#8221; autora Branka Franceschija, ravnatelja NMMU i kustosa \u017deljko Marciu\u0161.<\/span><\/p>\n<p>Otvorenje izlo\u017ebe je 15.11.2022. u 19 sati u Gradskom muzeju Bjelovar. Izlo\u017eba ostaje otvorena do 17.12.2022.<\/p>\n","protected":false},"excerpt":{"rendered":"<p>Fundus u gostima: Djela Ive Fri\u0161\u010di\u0107a iz Likovne (umjetni\u010dke) zbirke na izlo\u017ebi u Gradskom muzeju Bjelovar \u010cetiri vrijedna djela Ive Fri\u0161\u010di\u0107a iz Likovne (umjetni\u010dke) zbirke Gradskog muzeja Kri\u017eevci, koja su&hellip;<\/p>\n","protected":false},"author":4,"featured_media":4419,"comment_status":"closed","ping_status":"closed","sticky":false,"template":"","format":"standard","meta":{"_bbp_topic_count":0,"_bbp_reply_count":0,"_bbp_total_topic_count":0,"_bbp_total_reply_count":0,"_bbp_voice_count":0,"_bbp_anonymous_reply_count":0,"_bbp_topic_count_hidden":0,"_bbp_reply_count_hidden":0,"_bbp_forum_subforum_count":0,"footnotes":""},"categories":[329],"tags":[],"class_list":["post-4418","post","type-post","status-publish","format-standard","has-post-thumbnail","hentry","category-izlozba"],"_links":{"self":[{"href":"https:\/\/www.gradski-muzej-krizevci.hr\/index.php?rest_route=\/wp\/v2\/posts\/4418","targetHints":{"allow":["GET"]}}],"collection":[{"href":"https:\/\/www.gradski-muzej-krizevci.hr\/index.php?rest_route=\/wp\/v2\/posts"}],"about":[{"href":"https:\/\/www.gradski-muzej-krizevci.hr\/index.php?rest_route=\/wp\/v2\/types\/post"}],"author":[{"embeddable":true,"href":"https:\/\/www.gradski-muzej-krizevci.hr\/index.php?rest_route=\/wp\/v2\/users\/4"}],"replies":[{"embeddable":true,"href":"https:\/\/www.gradski-muzej-krizevci.hr\/index.php?rest_route=%2Fwp%2Fv2%2Fcomments&post=4418"}],"version-history":[{"count":3,"href":"https:\/\/www.gradski-muzej-krizevci.hr\/index.php?rest_route=\/wp\/v2\/posts\/4418\/revisions"}],"predecessor-version":[{"id":4430,"href":"https:\/\/www.gradski-muzej-krizevci.hr\/index.php?rest_route=\/wp\/v2\/posts\/4418\/revisions\/4430"}],"wp:featuredmedia":[{"embeddable":true,"href":"https:\/\/www.gradski-muzej-krizevci.hr\/index.php?rest_route=\/wp\/v2\/media\/4419"}],"wp:attachment":[{"href":"https:\/\/www.gradski-muzej-krizevci.hr\/index.php?rest_route=%2Fwp%2Fv2%2Fmedia&parent=4418"}],"wp:term":[{"taxonomy":"category","embeddable":true,"href":"https:\/\/www.gradski-muzej-krizevci.hr\/index.php?rest_route=%2Fwp%2Fv2%2Fcategories&post=4418"},{"taxonomy":"post_tag","embeddable":true,"href":"https:\/\/www.gradski-muzej-krizevci.hr\/index.php?rest_route=%2Fwp%2Fv2%2Ftags&post=4418"}],"curies":[{"name":"wp","href":"https:\/\/api.w.org\/{rel}","templated":true}]}}