{"id":4670,"date":"2022-12-23T12:39:35","date_gmt":"2022-12-23T11:39:35","guid":{"rendered":"http:\/\/www.gradski-muzej-krizevci.hr\/?p=4670"},"modified":"2022-12-23T12:40:51","modified_gmt":"2022-12-23T11:40:51","slug":"predstavljanje-publikacije-projekta-zajednicki-fotografski-narativi-u-sisku-i-zagrebu","status":"publish","type":"post","link":"https:\/\/www.gradski-muzej-krizevci.hr\/?p=4670","title":{"rendered":"Predstavljanje publikacije projekta Zajedni\u010dki fotografski narativi u Sisku i Zagrebu"},"content":{"rendered":"<h2 id=\":2ct\" class=\"hP\" tabindex=\"-1\" data-thread-perm-id=\"thread-f:1753000808654124240\" data-legacy-thread-id=\"1853e8f29acd34d0\">Blagdansko dru\u017eenje i predstavljanje publikacije projekta Zajedni\u010dki fotografski narativi u Sisku i Zagrebu<\/h2>\n<p dir=\"ltr\">Ured za fotografiju i Gradska galerija Striegl pozivaju na zavr\u0161na dru\u017eenja u sklopu projekta\u00a0<em><strong>Zajedni\u010dki fotografski narativi<\/strong><\/em>. U <strong>utorak, 27. prosinca<\/strong> u sisa\u010dkoj Gradskoj galeriji Striegl s po\u010detkom u <strong>18 sati<\/strong> odr\u017eat \u0107e se <strong>promocija publikacije<\/strong> projekta te <strong>predavanje dr. sc. Vlatka \u010cak\u0161irana<\/strong>, &#8220;Turisti\u010dki potencijali industrijske ba\u0161tine Siska&#8221;. Dva dana poslije, u <strong>\u010detvrtak, 29. prosinca<\/strong> u <strong>19 sati<\/strong> u Galeriji Spot, zakazano je predstavljanje projektne publikacije za zagreba\u010dku publiku, a blagdansko dru\u017eenje popratiit \u0107e prigodna rasprodaja publikacija Ureda za fotografiju.<\/p>\n<p dir=\"ltr\"><strong>Svim suradnicima, prijateljima i posjetiteljima\u00a0\u017eelimo ugodne blagdane i\u00a0uspje\u0161nu Novu 2023. godinu!\u00a0\ud83d\ude42<\/strong><\/p>\n<p dir=\"ltr\">O publikaciji:<\/p>\n<p>Posve\u0107ene radni\u0161tvu ili pak promociji turizma u razli\u010ditim politi\u010dkim okru\u017eenjima, objavljene u radni\u010dkim novinama i \u010dasopisima, omladinskom i popularnom tisku, realizirane kao intrigantne fotomonta\u017ee koje su zavr\u0161ile na naslovnicama knjiga ili pak ukazuju\u0107i na rodne odnose, fotografije su klju\u010dni medij koji poma\u017ee pojasniti dru\u0161tvene odnose i civilizacijske fenomene. Upravo tom idejom vodili smo se tijekom tri godine, pokrenuv\u0161i Zajedni\u010dke fotografske narative iz potrebe za istra\u017eivanjem (te zatim i pisanjem o) povijesti fotografije u Hrvatskoj kroz povijest tiskanih medija u kojima su objavljivani vizualni i tekstualni prilozi o kulturi, industriji, turizmu, urbanizmu i drugim dru\u0161tvenim aspektima. Kroz na\u0161e ruke pro\u0161le su razli\u010dite publikacije \u2013 dnevne i tjedne lokalne novine, tvorni\u010dke novine, specijalizirani \u010dasopisi, reklamne tvorni\u010dke publikacije i razne druge vrste tiskanih izdanja (specijalizirane monografije, turisti\u010dki vodi\u010di i sl.). Promatrali smo kako je pomo\u0107u fotografije interpretirana svakodnevica, do koje je mjere bila uklju\u010dena u propagandu i kojim su se vizualnim alatima slu\u017eili fotografi. Stekli smo uvid u na\u010dine kako je fotografija sudjelovala u dru\u0161tvenim promjenama, prikazivala ih i tuma\u010dila, nastoje\u0107i uo\u010diti do koje mjere ovaj medij destilira odre\u0111ene dru\u0161tvene prakse, kako prenosi i komentira stvarnost u poslijeratnom razdoblju.<\/p>\n<p><strong>Dvojezi\u010dna publikacija (hrvatski \/ engleski) za vrijeme promocije mo\u0107i \u0107e se nabaviti po popularnoj cijeni od 50,00 kn.<\/strong><\/p>\n<p>&nbsp;<\/p>\n<p><em>Zajedni\u010dki fotografski narativi<\/em><\/p>\n<p>NAKLADNICI: Ured za fotografiju; Gradska galerija Striegl<br \/>\nUREDNICI: Sandra Kri\u017ei\u0107 Roban, Darko \u0160imi\u010di\u0107, Lucija \u0160vob<br \/>\nDIZAJN I PRIJELOM: Sven Sori\u0107<\/p>\n<p>U publikaciji projekta\u00a0<em>Zajedni\u010dki fotografski narativi\u00a0<\/em>zastupljeni su tekstovi istra\u017eiva\u010da i istra\u017eiva\u010dica:<\/p>\n<p>Tea Hatadi, Gradski muzej Kri\u017eevci;<br \/>\nAnte Orlovi\u0107, nezavisni istra\u017eiva\u010d, Zadar;<br \/>\nValentina Rado\u0161, Muzej likovnih umjetnosti, Osijek;<br \/>\nDarko \u0160imi\u010di\u0107, Institut Tomislav Gotovac, Zagreb;<br \/>\nTanja \u0160poljar, Atelieri Koprivnica,<br \/>\nKoprivnica; Lucija \u0160vob, Kreativni kolektiv Kombinat, Rijeka;<br \/>\nAlma Trauber, Gradska galerija Striegl, Sisak;<br \/>\nSandra Kri\u017ei\u0107 Roban, Ured za fotografiju, Zagreb<\/p>\n<div>Objavljivanje knjige omogu\u0107eno je sredstvima <strong>Zaklade Kultura nova<\/strong>, <strong>Gradske galerije Striegl, Sisak<\/strong> i <strong>Muzeja likovnih umjetnosti, Osijek<\/strong>.<\/div>\n<p dir=\"ltr\">\u00a0<img loading=\"lazy\" decoding=\"async\" class=\"CToWUd\" src=\"https:\/\/ci3.googleusercontent.com\/proxy\/yV9aWsainx7nXv7ZboPudkp-AVZeNaXJkTpsnUoCo0wpiQiXh6ur6vkQ5bbQ3jI_iRweEij_I8RpY3ppEx_h1R_ZVwzmVhuKeCIchO0M3Oyc4yTFl0zmvY5xpd86Xx-_jRGjnIlzpONB1nGRJEt5BBgdxswo_A=s0-d-e1-ft#https:\/\/mcusercontent.com\/8a6c93d37dea67146bd4db2f8\/images\/75081cd3-bd04-422a-bcc3-6f79600784be.jpg\" width=\"150\" height=\"66\" data-bit=\"iit\" \/><img loading=\"lazy\" decoding=\"async\" class=\"CToWUd\" src=\"https:\/\/ci4.googleusercontent.com\/proxy\/pal7A5gRqEW6L1Y75b_sVlTa1M4i4x_B38VlCBypGBAMjbeyLZlvyfX-NXsU4wCEeWmqQiAWqhbvhZ5TGmoXzM0CzQiJnSi1NKAS-hknqZDXde0x_Gqw-CDbR76cBFiKC1xOnDAfQTz9MmgoaIKj8yA3IH-lXg=s0-d-e1-ft#https:\/\/mcusercontent.com\/8a6c93d37dea67146bd4db2f8\/images\/be4e839f-3aab-833a-8574-fbf1ccda7c51.png\" width=\"100\" height=\"100\" data-bit=\"iit\" \/><img loading=\"lazy\" decoding=\"async\" class=\"CToWUd\" src=\"https:\/\/ci4.googleusercontent.com\/proxy\/sLdtEYz-Ii0t_5T0_W4khU9z-9BqVTJsgVojl7qkopgtmPLHjvM0z2aqFnBCr5bf9pCStFvzzknR4eHO043tS0-0B2urs5JACIyCLKwWMulrVIcojdxF7T-VuiGiSLx2Jf3ohMoEFxdTqY5AXilcTg1J8mUAjw=s0-d-e1-ft#https:\/\/mcusercontent.com\/8a6c93d37dea67146bd4db2f8\/images\/fb08f672-a661-148f-bec5-17d939cb7660.png\" width=\"100\" height=\"100\" data-bit=\"iit\" \/><\/p>\n","protected":false},"excerpt":{"rendered":"<p>Blagdansko dru\u017eenje i predstavljanje publikacije projekta Zajedni\u010dki fotografski narativi u Sisku i Zagrebu Ured za fotografiju i Gradska galerija Striegl pozivaju na zavr\u0161na dru\u017eenja u sklopu projekta\u00a0Zajedni\u010dki fotografski narativi. U&hellip;<\/p>\n","protected":false},"author":4,"featured_media":4671,"comment_status":"closed","ping_status":"closed","sticky":false,"template":"","format":"standard","meta":{"_bbp_topic_count":0,"_bbp_reply_count":0,"_bbp_total_topic_count":0,"_bbp_total_reply_count":0,"_bbp_voice_count":0,"_bbp_anonymous_reply_count":0,"_bbp_topic_count_hidden":0,"_bbp_reply_count_hidden":0,"_bbp_forum_subforum_count":0,"footnotes":""},"categories":[329],"tags":[],"class_list":["post-4670","post","type-post","status-publish","format-standard","has-post-thumbnail","hentry","category-izlozba"],"_links":{"self":[{"href":"https:\/\/www.gradski-muzej-krizevci.hr\/index.php?rest_route=\/wp\/v2\/posts\/4670","targetHints":{"allow":["GET"]}}],"collection":[{"href":"https:\/\/www.gradski-muzej-krizevci.hr\/index.php?rest_route=\/wp\/v2\/posts"}],"about":[{"href":"https:\/\/www.gradski-muzej-krizevci.hr\/index.php?rest_route=\/wp\/v2\/types\/post"}],"author":[{"embeddable":true,"href":"https:\/\/www.gradski-muzej-krizevci.hr\/index.php?rest_route=\/wp\/v2\/users\/4"}],"replies":[{"embeddable":true,"href":"https:\/\/www.gradski-muzej-krizevci.hr\/index.php?rest_route=%2Fwp%2Fv2%2Fcomments&post=4670"}],"version-history":[{"count":3,"href":"https:\/\/www.gradski-muzej-krizevci.hr\/index.php?rest_route=\/wp\/v2\/posts\/4670\/revisions"}],"predecessor-version":[{"id":4674,"href":"https:\/\/www.gradski-muzej-krizevci.hr\/index.php?rest_route=\/wp\/v2\/posts\/4670\/revisions\/4674"}],"wp:featuredmedia":[{"embeddable":true,"href":"https:\/\/www.gradski-muzej-krizevci.hr\/index.php?rest_route=\/wp\/v2\/media\/4671"}],"wp:attachment":[{"href":"https:\/\/www.gradski-muzej-krizevci.hr\/index.php?rest_route=%2Fwp%2Fv2%2Fmedia&parent=4670"}],"wp:term":[{"taxonomy":"category","embeddable":true,"href":"https:\/\/www.gradski-muzej-krizevci.hr\/index.php?rest_route=%2Fwp%2Fv2%2Fcategories&post=4670"},{"taxonomy":"post_tag","embeddable":true,"href":"https:\/\/www.gradski-muzej-krizevci.hr\/index.php?rest_route=%2Fwp%2Fv2%2Ftags&post=4670"}],"curies":[{"name":"wp","href":"https:\/\/api.w.org\/{rel}","templated":true}]}}