{"id":4679,"date":"2022-12-23T13:39:23","date_gmt":"2022-12-23T12:39:23","guid":{"rendered":"http:\/\/www.gradski-muzej-krizevci.hr\/?p=4679"},"modified":"2022-12-29T10:49:26","modified_gmt":"2022-12-29T09:49:26","slug":"cestitka-i-obavijest-o-radnom-vremenu","status":"publish","type":"post","link":"https:\/\/www.gradski-muzej-krizevci.hr\/?p=4679","title":{"rendered":"\u010cestitka i obavijest o radnom vremenu"},"content":{"rendered":"<p style=\"text-align: center;\"><strong>\u00a0SRETAN BO\u017dI\u0106 I SRETNU NOVU 2023. GODINU \u017dELE VAM DJELATNICI GRADSKOG MUZEJA KRI\u017dEVCI<\/strong><\/p>\n<p style=\"text-align: center;\">***<br \/>\n<strong>MAJA MALE\u0160EVI\u0106-DOLEN\u010cI\u0106<\/strong><br \/>\n<strong>Po\u0161tar<\/strong>, 1971. g., kombinirana tehnika na platnu, 70 x 30 cm, GMK- 1541<\/p>\n<p style=\"text-align: center;\"><strong>REVIZIJA \u201c\u017dENA\u201d<\/strong><\/p>\n<p style=\"text-align: center;\"><strong>70 godina Gradskog muzeja Kri\u017eevci<\/strong><\/p>\n<p style=\"text-align: center;\"><strong>13. prosinac 2022. \u2013 30. sije\u010dnja 2023.<\/strong><\/p>\n<p style=\"text-align: center;\"><strong>\u00a0<\/strong><\/p>\n<p style=\"text-align: center;\"><strong>\u00a0<\/strong><\/p>\n<p style=\"text-align: center;\"><strong>OBAVIJEST POSJETITELJIMA<\/strong><\/p>\n<p style=\"text-align: center;\"><strong>NA\u00a0 STARU GODINU TE U SUBOTU 07. 01. 2023.<\/strong><\/p>\n<p style=\"text-align: center;\"><strong>LIKOVNA GALERIJA I MUZEJ NE\u0106E BITI OTVORENI<\/strong><\/p>\n","protected":false},"excerpt":{"rendered":"<p>\u00a0SRETAN BO\u017dI\u0106 I SRETNU NOVU 2023. GODINU \u017dELE VAM DJELATNICI GRADSKOG MUZEJA KRI\u017dEVCI *** MAJA MALE\u0160EVI\u0106-DOLEN\u010cI\u0106 Po\u0161tar, 1971. g., kombinirana tehnika na platnu, 70 x 30 cm, GMK- 1541 REVIZIJA&hellip;<\/p>\n","protected":false},"author":4,"featured_media":4681,"comment_status":"closed","ping_status":"closed","sticky":false,"template":"","format":"standard","meta":{"_bbp_topic_count":0,"_bbp_reply_count":0,"_bbp_total_topic_count":0,"_bbp_total_reply_count":0,"_bbp_voice_count":0,"_bbp_anonymous_reply_count":0,"_bbp_topic_count_hidden":0,"_bbp_reply_count_hidden":0,"_bbp_forum_subforum_count":0,"footnotes":""},"categories":[331],"tags":[],"class_list":["post-4679","post","type-post","status-publish","format-standard","has-post-thumbnail","hentry","category-obavijest"],"_links":{"self":[{"href":"https:\/\/www.gradski-muzej-krizevci.hr\/index.php?rest_route=\/wp\/v2\/posts\/4679","targetHints":{"allow":["GET"]}}],"collection":[{"href":"https:\/\/www.gradski-muzej-krizevci.hr\/index.php?rest_route=\/wp\/v2\/posts"}],"about":[{"href":"https:\/\/www.gradski-muzej-krizevci.hr\/index.php?rest_route=\/wp\/v2\/types\/post"}],"author":[{"embeddable":true,"href":"https:\/\/www.gradski-muzej-krizevci.hr\/index.php?rest_route=\/wp\/v2\/users\/4"}],"replies":[{"embeddable":true,"href":"https:\/\/www.gradski-muzej-krizevci.hr\/index.php?rest_route=%2Fwp%2Fv2%2Fcomments&post=4679"}],"version-history":[{"count":8,"href":"https:\/\/www.gradski-muzej-krizevci.hr\/index.php?rest_route=\/wp\/v2\/posts\/4679\/revisions"}],"predecessor-version":[{"id":4689,"href":"https:\/\/www.gradski-muzej-krizevci.hr\/index.php?rest_route=\/wp\/v2\/posts\/4679\/revisions\/4689"}],"wp:featuredmedia":[{"embeddable":true,"href":"https:\/\/www.gradski-muzej-krizevci.hr\/index.php?rest_route=\/wp\/v2\/media\/4681"}],"wp:attachment":[{"href":"https:\/\/www.gradski-muzej-krizevci.hr\/index.php?rest_route=%2Fwp%2Fv2%2Fmedia&parent=4679"}],"wp:term":[{"taxonomy":"category","embeddable":true,"href":"https:\/\/www.gradski-muzej-krizevci.hr\/index.php?rest_route=%2Fwp%2Fv2%2Fcategories&post=4679"},{"taxonomy":"post_tag","embeddable":true,"href":"https:\/\/www.gradski-muzej-krizevci.hr\/index.php?rest_route=%2Fwp%2Fv2%2Ftags&post=4679"}],"curies":[{"name":"wp","href":"https:\/\/api.w.org\/{rel}","templated":true}]}}