{"id":4693,"date":"2023-01-16T08:46:31","date_gmt":"2023-01-16T07:46:31","guid":{"rendered":"http:\/\/www.gradski-muzej-krizevci.hr\/?p=4693"},"modified":"2023-01-16T08:56:40","modified_gmt":"2023-01-16T07:56:40","slug":"zavrsna-svecanost-2-nacionalnog-vinskog-fotonatjecaja-21-1-2023-u-krizevcima","status":"publish","type":"post","link":"https:\/\/www.gradski-muzej-krizevci.hr\/?p=4693","title":{"rendered":"Zavr\u0161na sve\u010danost 2. Nacionalnog vinskog fotonatje\u010daja 21. 1. 2023. u Kri\u017eevcima"},"content":{"rendered":"<p style=\"text-align: center;\"><strong>Zavr\u0161na sve\u010danost 2. <\/strong><strong>Nacionalnog natje\u010daja za hrvatsku vinsku fotografiju<\/strong><\/p>\n<p style=\"text-align: center;\"><strong>Dru\u0161tvo za o\u010duvanje kri\u017eeva\u010dke ba\u0161tine \u201eKri\u017eeva\u010dki \u0161tatuti\u201c i<br \/>\nGrad Kri\u017eevci<br \/>\npozivaju na<br \/>\nzavr\u0161nu sve\u010danost<br \/>\nDodjela nagrada<br \/>\nPredstavljanje fotokataloga \u201eKapi vinske ljubavi\u201d<br \/>\nInterpretacija \u201eKri\u017eeva\u010dkih \u0161tatuta\u201d \u2013<br \/>\nnajpoznatijih hrvatskih vinsko-pajda\u0161kih regula<br \/>\nKri\u017eevci, Velika dvorana Hrvatskog doma<br \/>\nsubota, 21. sije\u010dnja 2023., 18 sat<\/strong><\/p>\n<p>&nbsp;<\/p>\n<p>Dodjelom nagrada stru\u010dnoga ocjenjiva\u010dkog suda i publike te predstavljanjem fotokataloga \u201eKapi vinske ljubavi\u201c, u kojem je izbor najuspjelijih fotografskih radova koji su prispjeli na natje\u010daj, u Kri\u017eevcima \u0107e uo\u010di Vincekova u subotu 21. sije\u010dnja 2023. biti odr\u017eana zavr\u0161na sve\u010danost 2. Nacionalnog natje\u010daja za hrvatsku vinsku fotografiju. U toj \u0107e prigodi biti prezentirani \u201eKri\u017eeva\u010dki \u0161tatuti\u201c, najpoznatije hrvatske vinsko-pajda\u0161ke regule.<\/p>\n<p>Sve\u010danost \u0107e biti odr\u017eana u velikoj dvorani Hrvatskoga doma u Kri\u017eevcima, a po\u010detak je u 18 sati. Organizatori su Dru\u0161tvo za o\u010duvanje kri\u017eeva\u010dke ba\u0161tine \u201eKri\u017eeva\u010dki \u0161tatuti\u201c i Grad Kri\u017eevci.<\/p>\n<p>2. Nacionalni natje\u010daj za hrvatsku vinsku fotografiju trajao je od 1. rujna do 1. prosinca 2022. Javljali su se profesionalni fotografi i amateri s tematikom vinarstva, vinogradarstva i prodrumarstva. Po natje\u010daju je stru\u010dni ocjenjiva\u010dki sud, u kojem su bili vrsni hrvatski profesionalni fotografi Goran Mato\u0161evi\u0107 kao predsjednik, Bernard \u010covi\u0107 i Josip Mi\u0161o Li\u0161anin izabrao 36 fotografija koje \u0107e biti objavljene u fotokatalogu, a te iste fotografije dane su na prosudbu publici. Na Facebooku Dru\u0161tva za o\u010duvanje kri\u017eeva\u010dke ba\u0161tine \u201eKri\u017eeva\u010dki \u0161tatuti\u201c od Badnjaka 24. prosinca 2022. do Bogojavljenja 6. sije\u010dnja 2023. posjetitelji su svojim glasovima odabrali nagradu publike.<\/p>\n<p><a href=\"https:\/\/krizevackistatuti.hr\">https:\/\/krizevackistatuti.hr<\/a><\/p>\n<p><img loading=\"lazy\" decoding=\"async\" class=\"alignnone  wp-image-1070\" src=\"http:\/\/www.gradski-muzej-krizevci.hr\/wp-content\/uploads\/2019\/10\/krizevci-e1571298111956-300x194.jpg\" alt=\"\" width=\"124\" height=\"80\" srcset=\"https:\/\/www.gradski-muzej-krizevci.hr\/wp-content\/uploads\/2019\/10\/krizevci-e1571298111956-300x194.jpg 300w, https:\/\/www.gradski-muzej-krizevci.hr\/wp-content\/uploads\/2019\/10\/krizevci-e1571298111956.jpg 386w\" sizes=\"auto, (max-width: 124px) 100vw, 124px\" \/><img loading=\"lazy\" decoding=\"async\" class=\"alignnone  wp-image-4697\" src=\"http:\/\/www.gradski-muzej-krizevci.hr\/wp-content\/uploads\/2023\/01\/Logo-Drustva-Krizevacki-statuti-1536x798-1-300x156.jpg\" alt=\"\" width=\"162\" height=\"84\" srcset=\"https:\/\/www.gradski-muzej-krizevci.hr\/wp-content\/uploads\/2023\/01\/Logo-Drustva-Krizevacki-statuti-1536x798-1-300x156.jpg 300w, https:\/\/www.gradski-muzej-krizevci.hr\/wp-content\/uploads\/2023\/01\/Logo-Drustva-Krizevacki-statuti-1536x798-1-1024x532.jpg 1024w, https:\/\/www.gradski-muzej-krizevci.hr\/wp-content\/uploads\/2023\/01\/Logo-Drustva-Krizevacki-statuti-1536x798-1-768x399.jpg 768w, https:\/\/www.gradski-muzej-krizevci.hr\/wp-content\/uploads\/2023\/01\/Logo-Drustva-Krizevacki-statuti-1536x798-1.jpg 1536w\" sizes=\"auto, (max-width: 162px) 100vw, 162px\" \/><\/p>\n<p>&nbsp;<\/p>\n","protected":false},"excerpt":{"rendered":"<p>Zavr\u0161na sve\u010danost 2. Nacionalnog natje\u010daja za hrvatsku vinsku fotografiju Dru\u0161tvo za o\u010duvanje kri\u017eeva\u010dke ba\u0161tine \u201eKri\u017eeva\u010dki \u0161tatuti\u201c i Grad Kri\u017eevci pozivaju na zavr\u0161nu sve\u010danost Dodjela nagrada Predstavljanje fotokataloga \u201eKapi vinske ljubavi\u201d&hellip;<\/p>\n","protected":false},"author":4,"featured_media":4695,"comment_status":"closed","ping_status":"closed","sticky":false,"template":"","format":"standard","meta":{"_bbp_topic_count":0,"_bbp_reply_count":0,"_bbp_total_topic_count":0,"_bbp_total_reply_count":0,"_bbp_voice_count":0,"_bbp_anonymous_reply_count":0,"_bbp_topic_count_hidden":0,"_bbp_reply_count_hidden":0,"_bbp_forum_subforum_count":0,"footnotes":""},"categories":[331],"tags":[379,37],"class_list":["post-4693","post","type-post","status-publish","format-standard","has-post-thumbnail","hentry","category-obavijest","tag-drustvo-za-ocuvanje-krizevacke-bastine-krizevacki-statuti","tag-grad-krizevci"],"_links":{"self":[{"href":"https:\/\/www.gradski-muzej-krizevci.hr\/index.php?rest_route=\/wp\/v2\/posts\/4693","targetHints":{"allow":["GET"]}}],"collection":[{"href":"https:\/\/www.gradski-muzej-krizevci.hr\/index.php?rest_route=\/wp\/v2\/posts"}],"about":[{"href":"https:\/\/www.gradski-muzej-krizevci.hr\/index.php?rest_route=\/wp\/v2\/types\/post"}],"author":[{"embeddable":true,"href":"https:\/\/www.gradski-muzej-krizevci.hr\/index.php?rest_route=\/wp\/v2\/users\/4"}],"replies":[{"embeddable":true,"href":"https:\/\/www.gradski-muzej-krizevci.hr\/index.php?rest_route=%2Fwp%2Fv2%2Fcomments&post=4693"}],"version-history":[{"count":3,"href":"https:\/\/www.gradski-muzej-krizevci.hr\/index.php?rest_route=\/wp\/v2\/posts\/4693\/revisions"}],"predecessor-version":[{"id":4699,"href":"https:\/\/www.gradski-muzej-krizevci.hr\/index.php?rest_route=\/wp\/v2\/posts\/4693\/revisions\/4699"}],"wp:featuredmedia":[{"embeddable":true,"href":"https:\/\/www.gradski-muzej-krizevci.hr\/index.php?rest_route=\/wp\/v2\/media\/4695"}],"wp:attachment":[{"href":"https:\/\/www.gradski-muzej-krizevci.hr\/index.php?rest_route=%2Fwp%2Fv2%2Fmedia&parent=4693"}],"wp:term":[{"taxonomy":"category","embeddable":true,"href":"https:\/\/www.gradski-muzej-krizevci.hr\/index.php?rest_route=%2Fwp%2Fv2%2Fcategories&post=4693"},{"taxonomy":"post_tag","embeddable":true,"href":"https:\/\/www.gradski-muzej-krizevci.hr\/index.php?rest_route=%2Fwp%2Fv2%2Ftags&post=4693"}],"curies":[{"name":"wp","href":"https:\/\/api.w.org\/{rel}","templated":true}]}}