{"id":4706,"date":"2023-01-03T21:38:55","date_gmt":"2023-01-03T20:38:55","guid":{"rendered":"http:\/\/www.gradski-muzej-krizevci.hr\/?p=4706"},"modified":"2023-01-22T20:44:47","modified_gmt":"2023-01-22T19:44:47","slug":"ministarstvo-kulture-i-medija-republike-hrvatske-podrzalo-programe-gradskog-muzeja","status":"publish","type":"post","link":"https:\/\/www.gradski-muzej-krizevci.hr\/?p=4706","title":{"rendered":"Ministarstvo kulture i medija Republike Hrvatske podr\u017ealo programe Gradskog muzeja Kri\u017eevci u 2023. g."},"content":{"rendered":"<p>Ministarstvo kulture i medija Republike Hrvatske podr\u017ealo je programe Gradskog muzeja Kri\u017eevci u 2023. godini. Program izlo\u017ebi iz fundusa i ostalih izlo\u017ebi <strong>&#8220;Muzej i grad &#8211; u prostoru i vremenu&#8221;<\/strong> (50 godina Hotela &#8220;Kalnik&#8221; Kri\u017eevci, \u017denska i mu\u0161ka perspektiva u temeljima naivnog slikarstva: \u0110ur\u0111ica Balog i Pero Topljak, Igor Gala\u0161 \u2013 Retrospektiva nagra\u0111enih radova Du\u0161ko \u0160ibl: Odiseja &#8211; samostalna retrospektivna izlo\u017eba,\u00a0Ana Mu\u0161\u0107et: Borovo sekvence, SUFFest: Festival suvremene umjetni\u010dke forme na temu Urbane intervencije, Povijest medicine i ljekarni\u0161tva u Kri\u017eevcima, Fundusi u vezi \u2013 ALU &amp; GMK) podr\u017ean je s <span dir=\"ltr\" role=\"presentation\"><strong>6.636,14 EUR. <\/strong>Program stru\u010dnih doga\u0111anja <strong>&#8220;Suvremena po\u010detnica: Uvod u umjetni\u010dku lektiru&#8221;<\/strong>, novoosmi\u0161ljeni stru\u010dni program Muzeja autorice Tee Hatadi koji dovodi stru\u010dne predava\u010de: dr. sc. Markita Franuli\u0107 &#8211; Tehni\u010dki muzej, dr. sc. Sandra Kri\u017ei\u0107 Roban &#8211; Institut za povijest umjetnosti \/ Ured za fotografiju Zagreb, dr. sc. Jasmina Fu\u010dkan &#8211; Muzej za umjetnost i obrt, Darko \u0160imi\u010di\u0107 &#8211; Institut Tomislav Gotovac i\u00a0 profesori ALU &#8211; suradnaj, te predava\u010de i izbornike Vanju Babi\u0107a &#8211; Galerija Matica Hrvatska i Sa\u0161u Pavkovi\u0107a &#8211; HRT Ministarstvo kulture i medija podr\u017ealo je s <strong>2.654,46 EUR.<\/strong> <strong>Konzervatorsko-restauratorski radovi na gradivu Gradskog muzeja Kri\u017eevci<\/strong> podr\u017eani su s <strong>2.654,46 EUR<\/strong>. U Dr\u017eavnom prora\u010dunu je tako za programe Gradskog muzeja Kri\u017eevci i Likovne galerije do sada osigurano <strong>11.945,06 EUR<\/strong>. <\/span><\/p>\n<p>VI\u0160E NA: <a href=\"https:\/\/min-kulture.gov.hr\/financiranje\/financiranje-javnih-potreba-u-kulturi-u-2023-godini\/23210\">https:\/\/min-kulture.gov.hr\/financiranje\/financiranje-javnih-potreba-u-kulturi-u-2023-godini\/23210<\/a><\/p>\n<p><span dir=\"ltr\" role=\"presentation\">Gradski muzej Kri\u017eevci aplicirao je za \u010detiri od pet mogu\u0107ih programa, a za<\/span> <strong>Program gradnje, rekonstrukcije i opremanja kulturne infrastrukture u 2023. godini <\/strong>objava o rezultatima objavljena je 20. sije\u010dnja 2023<strong>. <\/strong>na stranicama Ministarstva kulture i medija RH. VI\u0160E NA: https:\/\/min-kulture.gov.hr\/financiranje\/financiranje-javnih-potreba-u-kulturi-u-2023-godini\/programi-gradnje-rekonstrukcije-i-opremanja-kulturne-infrastrukture-u-2023-godini\/23275<strong><br \/>\n<\/strong><\/p>\n<p>&nbsp;<\/p>\n<p>Gradski muzej Kri\u017eevci veseli se provedbi ovogodi\u0161njih programa i zahvaljuje na potpori i povjerenju Ministarstvu kulture i medija Republike Hrvatske.<\/p>\n<p>&nbsp;<\/p>\n<p>&nbsp;<\/p>\n","protected":false},"excerpt":{"rendered":"<p>Ministarstvo kulture i medija Republike Hrvatske podr\u017ealo je programe Gradskog muzeja Kri\u017eevci u 2023. godini. Program izlo\u017ebi iz fundusa i ostalih izlo\u017ebi &#8220;Muzej i grad &#8211; u prostoru i vremenu&#8221;&hellip;<\/p>\n","protected":false},"author":4,"featured_media":4558,"comment_status":"closed","ping_status":"closed","sticky":false,"template":"","format":"standard","meta":{"_bbp_topic_count":0,"_bbp_reply_count":0,"_bbp_total_topic_count":0,"_bbp_total_reply_count":0,"_bbp_voice_count":0,"_bbp_anonymous_reply_count":0,"_bbp_topic_count_hidden":0,"_bbp_reply_count_hidden":0,"_bbp_forum_subforum_count":0,"footnotes":""},"categories":[331],"tags":[],"class_list":["post-4706","post","type-post","status-publish","format-standard","has-post-thumbnail","hentry","category-obavijest"],"_links":{"self":[{"href":"https:\/\/www.gradski-muzej-krizevci.hr\/index.php?rest_route=\/wp\/v2\/posts\/4706","targetHints":{"allow":["GET"]}}],"collection":[{"href":"https:\/\/www.gradski-muzej-krizevci.hr\/index.php?rest_route=\/wp\/v2\/posts"}],"about":[{"href":"https:\/\/www.gradski-muzej-krizevci.hr\/index.php?rest_route=\/wp\/v2\/types\/post"}],"author":[{"embeddable":true,"href":"https:\/\/www.gradski-muzej-krizevci.hr\/index.php?rest_route=\/wp\/v2\/users\/4"}],"replies":[{"embeddable":true,"href":"https:\/\/www.gradski-muzej-krizevci.hr\/index.php?rest_route=%2Fwp%2Fv2%2Fcomments&post=4706"}],"version-history":[{"count":4,"href":"https:\/\/www.gradski-muzej-krizevci.hr\/index.php?rest_route=\/wp\/v2\/posts\/4706\/revisions"}],"predecessor-version":[{"id":4737,"href":"https:\/\/www.gradski-muzej-krizevci.hr\/index.php?rest_route=\/wp\/v2\/posts\/4706\/revisions\/4737"}],"wp:featuredmedia":[{"embeddable":true,"href":"https:\/\/www.gradski-muzej-krizevci.hr\/index.php?rest_route=\/wp\/v2\/media\/4558"}],"wp:attachment":[{"href":"https:\/\/www.gradski-muzej-krizevci.hr\/index.php?rest_route=%2Fwp%2Fv2%2Fmedia&parent=4706"}],"wp:term":[{"taxonomy":"category","embeddable":true,"href":"https:\/\/www.gradski-muzej-krizevci.hr\/index.php?rest_route=%2Fwp%2Fv2%2Fcategories&post=4706"},{"taxonomy":"post_tag","embeddable":true,"href":"https:\/\/www.gradski-muzej-krizevci.hr\/index.php?rest_route=%2Fwp%2Fv2%2Ftags&post=4706"}],"curies":[{"name":"wp","href":"https:\/\/api.w.org\/{rel}","templated":true}]}}