{"id":4824,"date":"2023-02-28T13:46:31","date_gmt":"2023-02-28T12:46:31","guid":{"rendered":"http:\/\/www.gradski-muzej-krizevci.hr\/?p=4824"},"modified":"2023-03-02T08:47:39","modified_gmt":"2023-03-02T07:47:39","slug":"vodstvo-kroz-izlozbu-zajedno-od-1842-djelovanje-matice-hrvatske-u-krizevcima","status":"publish","type":"post","link":"https:\/\/www.gradski-muzej-krizevci.hr\/?p=4824","title":{"rendered":"Vodstvo kroz izlo\u017ebu \u201eZajedno od 1842. Djelovanje Matice hrvatske u Kri\u017eevcima\u201d"},"content":{"rendered":"<h3>POZIV NA VODSTVO KROZ IZLO\u017dBU<\/h3>\n<p>Pozivamo Vas da se pridru\u017eite Vodstvu kroz Izlo\u017ebu<\/p>\n<h3>\u201eZajedno od 1842. Djelovanje Matice hrvatske u Kri\u017eevcima\u201d<\/h3>\n<p><strong>koje \u0107e se odr\u017eati u \u010detvrtak, 2. o\u017eujka u 10 i u 11 i 40.<\/strong><\/p>\n<p><strong>21. 2. \u2013 4. 3. 2023.<\/strong><\/p>\n<p><strong>Likovna galerija Gradskog muzeja Kri\u017eevci, Trg Antuna Nem\u010di\u0107a 6\/1, Kri\u017eevci<\/strong><\/p>\n<p>Ogranak Matice hrvatske u Kri\u017eevcima i Gradski muzej Kri\u017eevci pozivaju na izlo\u017ebu <strong>\u201eZajedno od 1842. Djelovanje Matice hrvatske u Kri\u017eevcima\u201d<\/strong>.\u00a0 Pokrovitelj izlo\u017ebe je Grad Kri\u017eevci. Izlo\u017eba ostaje otvorena do <strong>4. o\u017eujka<\/strong>, <strong>svaki radni dan od 10 \u2013 13 i 17 \u2013 19 sati, subotom od 10 \u2013 12 sati.<\/strong><\/p>\n<p>&nbsp;<\/p>\n<p><img loading=\"lazy\" decoding=\"async\" class=\"alignnone size-medium wp-image-4826\" src=\"http:\/\/www.gradski-muzej-krizevci.hr\/wp-content\/uploads\/2023\/02\/20230221_183741-300x169.jpg\" alt=\"\" width=\"300\" height=\"169\" srcset=\"https:\/\/www.gradski-muzej-krizevci.hr\/wp-content\/uploads\/2023\/02\/20230221_183741-300x169.jpg 300w, https:\/\/www.gradski-muzej-krizevci.hr\/wp-content\/uploads\/2023\/02\/20230221_183741-1024x576.jpg 1024w, https:\/\/www.gradski-muzej-krizevci.hr\/wp-content\/uploads\/2023\/02\/20230221_183741-768x432.jpg 768w, https:\/\/www.gradski-muzej-krizevci.hr\/wp-content\/uploads\/2023\/02\/20230221_183741-1536x864.jpg 1536w, https:\/\/www.gradski-muzej-krizevci.hr\/wp-content\/uploads\/2023\/02\/20230221_183741-2048x1152.jpg 2048w\" sizes=\"auto, (max-width: 300px) 100vw, 300px\" \/> <img loading=\"lazy\" decoding=\"async\" class=\"alignnone size-medium wp-image-4827\" src=\"http:\/\/www.gradski-muzej-krizevci.hr\/wp-content\/uploads\/2023\/02\/20230221_185339-300x169.jpg\" alt=\"\" width=\"300\" height=\"169\" srcset=\"https:\/\/www.gradski-muzej-krizevci.hr\/wp-content\/uploads\/2023\/02\/20230221_185339-300x169.jpg 300w, https:\/\/www.gradski-muzej-krizevci.hr\/wp-content\/uploads\/2023\/02\/20230221_185339-1024x576.jpg 1024w, https:\/\/www.gradski-muzej-krizevci.hr\/wp-content\/uploads\/2023\/02\/20230221_185339-768x432.jpg 768w, https:\/\/www.gradski-muzej-krizevci.hr\/wp-content\/uploads\/2023\/02\/20230221_185339-1536x864.jpg 1536w, https:\/\/www.gradski-muzej-krizevci.hr\/wp-content\/uploads\/2023\/02\/20230221_185339-2048x1152.jpg 2048w\" sizes=\"auto, (max-width: 300px) 100vw, 300px\" \/><\/p>\n<p>&nbsp;<\/p>\n","protected":false},"excerpt":{"rendered":"<p>POZIV NA VODSTVO KROZ IZLO\u017dBU Pozivamo Vas da se pridru\u017eite Vodstvu kroz Izlo\u017ebu \u201eZajedno od 1842. Djelovanje Matice hrvatske u Kri\u017eevcima\u201d koje \u0107e se odr\u017eati u \u010detvrtak, 2. o\u017eujka u&hellip;<\/p>\n","protected":false},"author":4,"featured_media":4825,"comment_status":"closed","ping_status":"closed","sticky":false,"template":"","format":"standard","meta":{"_bbp_topic_count":0,"_bbp_reply_count":0,"_bbp_total_topic_count":0,"_bbp_total_reply_count":0,"_bbp_voice_count":0,"_bbp_anonymous_reply_count":0,"_bbp_topic_count_hidden":0,"_bbp_reply_count_hidden":0,"_bbp_forum_subforum_count":0,"footnotes":""},"categories":[329],"tags":[],"class_list":["post-4824","post","type-post","status-publish","format-standard","has-post-thumbnail","hentry","category-izlozba"],"_links":{"self":[{"href":"https:\/\/www.gradski-muzej-krizevci.hr\/index.php?rest_route=\/wp\/v2\/posts\/4824","targetHints":{"allow":["GET"]}}],"collection":[{"href":"https:\/\/www.gradski-muzej-krizevci.hr\/index.php?rest_route=\/wp\/v2\/posts"}],"about":[{"href":"https:\/\/www.gradski-muzej-krizevci.hr\/index.php?rest_route=\/wp\/v2\/types\/post"}],"author":[{"embeddable":true,"href":"https:\/\/www.gradski-muzej-krizevci.hr\/index.php?rest_route=\/wp\/v2\/users\/4"}],"replies":[{"embeddable":true,"href":"https:\/\/www.gradski-muzej-krizevci.hr\/index.php?rest_route=%2Fwp%2Fv2%2Fcomments&post=4824"}],"version-history":[{"count":1,"href":"https:\/\/www.gradski-muzej-krizevci.hr\/index.php?rest_route=\/wp\/v2\/posts\/4824\/revisions"}],"predecessor-version":[{"id":4828,"href":"https:\/\/www.gradski-muzej-krizevci.hr\/index.php?rest_route=\/wp\/v2\/posts\/4824\/revisions\/4828"}],"wp:featuredmedia":[{"embeddable":true,"href":"https:\/\/www.gradski-muzej-krizevci.hr\/index.php?rest_route=\/wp\/v2\/media\/4825"}],"wp:attachment":[{"href":"https:\/\/www.gradski-muzej-krizevci.hr\/index.php?rest_route=%2Fwp%2Fv2%2Fmedia&parent=4824"}],"wp:term":[{"taxonomy":"category","embeddable":true,"href":"https:\/\/www.gradski-muzej-krizevci.hr\/index.php?rest_route=%2Fwp%2Fv2%2Fcategories&post=4824"},{"taxonomy":"post_tag","embeddable":true,"href":"https:\/\/www.gradski-muzej-krizevci.hr\/index.php?rest_route=%2Fwp%2Fv2%2Ftags&post=4824"}],"curies":[{"name":"wp","href":"https:\/\/api.w.org\/{rel}","templated":true}]}}