{"id":5185,"date":"2023-09-06T07:52:51","date_gmt":"2023-09-06T06:52:51","guid":{"rendered":"http:\/\/www.gradski-muzej-krizevci.hr\/?p=5185"},"modified":"2023-10-16T17:19:17","modified_gmt":"2023-10-16T16:19:17","slug":"raspisan-3-nacionalni-natjecaj-za-hrvatsku-vinsku-fotografiju-2023","status":"publish","type":"post","link":"https:\/\/www.gradski-muzej-krizevci.hr\/?p=5185","title":{"rendered":"Raspisan 3. Nacionalni natje\u010daj za hrvatsku vinsku fotografiju 2023."},"content":{"rendered":"<p>U organizaciji Dru\u0161tva za o\u010duvanje kri\u017eeva\u010dke ba\u0161tine \u201eKri\u017eeva\u010dki \u0161tatuti\u201d i Grada Kri\u017eevaca u petak 1. rujna 2023. raspisan je 3. Nacionalni natje\u010daj za hrvatsku vinsku fotografiju. Natje\u010daj ima nakanu potaknuti sveop\u0107u hrvatsku javnost, i profesionalce i amatere, na stvaranje fotografskih radova vinarske, vinogradarske i podrumarske tematike.<br \/>\nNakon provedenoga natje\u010daja najuspjeliji \u0107e radovi biti objavljeni u katalogu, na izlo\u017ebi te na multimedijalnim platformama, kao sintezi fotografske kreativnosti vezano uz hrvatsku vinsku kulturu danas.<br \/>\nPrijavljene \u0107e se fotografije ocjenjivati u dvije kategorije \u2013 najbolje fotografije prema izboru stru\u010dnog ocjenjiva\u010dkog suda sastavljenog od istaknutih hrvatskih profesionalnih fotografa i najbolja fotografija prema izboru publike \u2013 s najve\u0107im brojem prikupljenih lajkova na Facebook stranici Dru\u0161tva za o\u010duvanje kri\u017eeva\u010dke ba\u0161tine \u201eKri\u017eeva\u010dki \u0161tatuti\u201d. Radovi \u0107e za procjenu publici biti dostupni na Facebooku u vremenu od 25. prosinca 2023. do 6. sije\u010dnja 2024. Najbolji radovi bit \u0107e nagra\u0111eni.<br \/>\nNatje\u010daj je otvoren od 1. rujna do 1. prosinca 2023. godine, a rezultati \u0107e, s predstavljanjem kataloga najboljih fotografskih radova, biti objavljeni uz blagdan vinogradarskoga sveca sv. Vinka (Vincekovo) 22. sije\u010dnja 2024.<\/p>\n<p>Radovi trebaju tematski odgovarati natje\u010daju: vino, hrvatska vina, vinova loza, gro\u017e\u0111e, berba gro\u017e\u0111a, kr\u0161tenje mo\u0161ta, vinogradi, klijeti, konobe, vinogradarske kurije, vinski podrumi, vinarije, vinarsko-vinogradarski obi\u010daji.<br \/>\nAutor se smije prijaviti s najvi\u0161e tri fotografska rada, ne starija od 2022. godine.<br \/>\nFotografije smiju biti u boji i crno-bijele. Obrada fotografije u programima za ure\u0111ivanje fotografija dopu\u0161tena je do mjere koja ne naru\u0161ava i ne mijenja osnovni smisao snimljenoga sadr\u017eaja. U jednom dokumentu smije biti isklju\u010divo jedna fotografija, kola\u017ei su isklju\u010deni.<br \/>\nFotografije se \u0161alju isklju\u010divo u digitalnom obliku u .jpg \/ .jpeg\/ formatu pojedina\u010dne veli\u010dine fotografije ne ve\u0107e od 7 MB, a ne manje od 3 MB. Pojedina\u010dna veli\u010dina fotografije treba biti najmanje veli\u010dine 3000 pixela po du\u017eoj strani i rezolucije od 300 dpi.<\/p>\n<p>Uz radove treba poslati i popunjen prijavni obrazac koji autor treba preuzeti s mre\u017ene stranice organizatora www.krizevackistatuti.hr i www.krizevci.hr. Autor u prijavnici, uz osobne podatke, treba navesti naziv, mjesto i godinu nastanka fotografije. Popunjavanjem prijavnice autor daje suglasnost organizatorima natje\u010daja da smiju javno objavljivati i rabiti fotografije u kulturne i turisti\u010dke svrhe uz jasan potpis autora.<br \/>\nFotografije i popunjeni prijavni obrazac treba poslati organizatoru u elektroni\u010dkom obliku na e-adresu: \u00a0<strong><a href=\"mailto:hrvatska.vinska.fotografija@gmail.com\">hrvatska.vinska.fotografija@gmail.com<\/a><\/strong><\/p>\n<p><a href=\"https:\/\/krizevci.hr\/wp-content\/uploads\/2023\/09\/Prijavni-obrazac-hrvatska-vinska-fotografija-2023.xlsx\">Prijavni obrazac \u2013 hrvatska vinska fotografija 2023<\/a><\/p>\n<p>Dodatne informacije mogu se dobiti na broju mobitela 091 6640 850.<\/p>\n","protected":false},"excerpt":{"rendered":"<p>U organizaciji Dru\u0161tva za o\u010duvanje kri\u017eeva\u010dke ba\u0161tine \u201eKri\u017eeva\u010dki \u0161tatuti\u201d i Grada Kri\u017eevaca u petak 1. rujna 2023. raspisan je 3. Nacionalni natje\u010daj za hrvatsku vinsku fotografiju. Natje\u010daj ima nakanu potaknuti&hellip;<\/p>\n","protected":false},"author":4,"featured_media":5377,"comment_status":"closed","ping_status":"closed","sticky":false,"template":"","format":"standard","meta":{"_bbp_topic_count":0,"_bbp_reply_count":0,"_bbp_total_topic_count":0,"_bbp_total_reply_count":0,"_bbp_voice_count":0,"_bbp_anonymous_reply_count":0,"_bbp_topic_count_hidden":0,"_bbp_reply_count_hidden":0,"_bbp_forum_subforum_count":0,"footnotes":""},"categories":[331],"tags":[],"class_list":["post-5185","post","type-post","status-publish","format-standard","has-post-thumbnail","hentry","category-obavijest"],"_links":{"self":[{"href":"https:\/\/www.gradski-muzej-krizevci.hr\/index.php?rest_route=\/wp\/v2\/posts\/5185","targetHints":{"allow":["GET"]}}],"collection":[{"href":"https:\/\/www.gradski-muzej-krizevci.hr\/index.php?rest_route=\/wp\/v2\/posts"}],"about":[{"href":"https:\/\/www.gradski-muzej-krizevci.hr\/index.php?rest_route=\/wp\/v2\/types\/post"}],"author":[{"embeddable":true,"href":"https:\/\/www.gradski-muzej-krizevci.hr\/index.php?rest_route=\/wp\/v2\/users\/4"}],"replies":[{"embeddable":true,"href":"https:\/\/www.gradski-muzej-krizevci.hr\/index.php?rest_route=%2Fwp%2Fv2%2Fcomments&post=5185"}],"version-history":[{"count":1,"href":"https:\/\/www.gradski-muzej-krizevci.hr\/index.php?rest_route=\/wp\/v2\/posts\/5185\/revisions"}],"predecessor-version":[{"id":5187,"href":"https:\/\/www.gradski-muzej-krizevci.hr\/index.php?rest_route=\/wp\/v2\/posts\/5185\/revisions\/5187"}],"wp:featuredmedia":[{"embeddable":true,"href":"https:\/\/www.gradski-muzej-krizevci.hr\/index.php?rest_route=\/wp\/v2\/media\/5377"}],"wp:attachment":[{"href":"https:\/\/www.gradski-muzej-krizevci.hr\/index.php?rest_route=%2Fwp%2Fv2%2Fmedia&parent=5185"}],"wp:term":[{"taxonomy":"category","embeddable":true,"href":"https:\/\/www.gradski-muzej-krizevci.hr\/index.php?rest_route=%2Fwp%2Fv2%2Fcategories&post=5185"},{"taxonomy":"post_tag","embeddable":true,"href":"https:\/\/www.gradski-muzej-krizevci.hr\/index.php?rest_route=%2Fwp%2Fv2%2Ftags&post=5185"}],"curies":[{"name":"wp","href":"https:\/\/api.w.org\/{rel}","templated":true}]}}