{"id":5650,"date":"2024-02-19T09:45:19","date_gmt":"2024-02-19T08:45:19","guid":{"rendered":"http:\/\/www.gradski-muzej-krizevci.hr\/?p=5650"},"modified":"2024-02-19T09:45:29","modified_gmt":"2024-02-19T08:45:29","slug":"pise-doc-dr-sc-romana-lekic-hrvatski-kreativni-turizam-krizevci-centar-svijeta","status":"publish","type":"post","link":"https:\/\/www.gradski-muzej-krizevci.hr\/?p=5650","title":{"rendered":"Pi\u0161e doc. dr. sc. Romana Leki\u0107: Hrvatski kreativni turizam: Kri\u017eevci centar svijeta"},"content":{"rendered":"<p>PI\u0160E: DOC. DR. SC.<br \/>\nROMANA LEKI\u0106<br \/>\nProf. stru\u010dnih studija u trajnom zvanju<\/p>\n<p style=\"text-align: left;\"><strong>HRVATSKI KREATIVNI TURIZAM: KRI\u017dEVCI CENTAR SVIJETA <\/strong><\/p>\n<h3 style=\"text-align: left;\"><strong>DANI O\u017dIVLJENE<\/strong><br \/>\n<strong>PRO\u0160LOSTI<\/strong><\/h3>\n<p style=\"text-align: left;\"><strong>ZNAMENITE POVIJESNE LI\u010cNOSTI I IZUMITELJI:<\/strong><br \/>\n<strong>RESURS ZA INOVATIVNI ODNOS PREMA<\/strong><br \/>\n<strong>TURISTI\u010cKIM MOGU\u0106NOSTIMA U HRVATSKOJ<\/strong><\/p>\n<p>Nakon odr\u017eanog predavanja &#8220;Znamenite povijesne li\u010dnosti kao resurs za kreativni i inovativni turizam&#8221; na 5. Danima Marcela pl. Kiepacha u Kri\u017eevcima koji su se obilje\u017eavali 12. do 16.02.2024. Iza\u0161ao je \u010dlanak doc. dr. sc. Romane Leki\u0107, prof. stru\u010dnih studija u trajnom zvanju u Magazinu tiskanog izdanja Glas Slavonije od 17. i 18. velja\u010de 2024. pod nazivom: ZNAMENITE POVIJESNE LI\u010cNOSTI I IZUMITELJI: RESURS ZA INOVATIVNI ODNOS PREMATURISTI\u010cKIM MOGU\u0106NOSTIMA U HRVATSKOJ. \u010clanak mo\u017eete pro\u010ditati <a href=\"http:\/\/www.gradski-muzej-krizevci.hr\/wp-content\/uploads\/2024\/02\/Clanak-Glas-Slavonije.pdf\"><strong>OVDJE!<\/strong><\/a><\/p>\n<p>&nbsp;<\/p>\n<p>Dr sc. Romana Lekic\u0301 je docentica i profesorica stru\u010dnih studija u trajnom zvanju i \u010dlanica Znanstvenog vije\u0107a za turizam i prostor pri HAZU.\u00a0 Zaposlena je \u00a0na Veleu\u010dili\u0161tu Edward Bernays u Zagrebu kao v.d. Pro\u010delnica Odjela za turizam. Dugi niz godina radila je kao predstojnica \u00a0Katedre turizma i prodekanica za razvoj i poslovne odnose na Veleu\u010dili\u0161tu Vern&#8217; u Zagrebu. S kolegama s Instituta za turizam pokrenula je 2000.g otvaranje Zagreba\u010dke \u0161kole za menad\u017ement (ZSM) koja je 2009.godine integrirana u Veleu\u010dili\u0161te Vern&#8217;. Stekla je doktorat \u00a0nakon zavr\u0161etka doktorskog studija \u201eHrvatska kultura\u201c na Filozofskom fakultetu u Zagrebu u podru\u010dju kulturne antropologije na temu &#8220;Hrvatska tradicijska ba\u0161tina i kulturni turizam \u2013 mogu\u0107nosti uklju\u010divanja nematerijalne ba\u0161tine preko reprezentativnih uzoraka\u201c.<\/p>\n<p>Kao konzultant i predava\u010d sudjeluje u realizaciji brojnih projekata Europske unije vezanih za kulturu i turizam. Posljednjih nekoliko godina intenzivno sudjeluje u \u00a0strate\u0161kim projektima razvoja i akcijskim planovima za turisti\u010dke destinacije. U svom radu naglasak stavlja na transfomativni ekolo\u0161ki turizam i\u00a0 razvoj posebnih oblika turizma te va\u017enost prirodne i kulturne ba\u0161tine te kreativne industrije i genealo\u0161ki turizam.\u00a0 Dugogodi\u0161nja je suradnica, predava\u010dica i mentorica za Udrugu hrvatskih putni\u010dkih agencija (UHPA-e) te drugih institucija, organizacija i razvojnih agencija iz Hrvatske i inozemstva. Dopredsjednica je Dru\u0161tva M. J. Zagorka i \u00a0po\u010dasna je \u010dlanica mnogih udruga od kojih su: \u00a0Dru\u0161tvo prijatelja glagoljice, Udruga ljubitelja kamelija Opatija, Andizet \u2013 institut za znanstvena i umjetni\u010dka istra\u017eivanja u Osijeku, Udruga Ba\u0161tinica u Oto\u010dcu itd. Dugogodi\u0161nja je suradnica i\u00a0 pri\u00a0 SANU ( Srpska akademija nauka i umetnosti).<\/p>\n<p>Objavila je preko sedamdeset stru\u010dnih i znanstvenih radova, sudjelovala na me\u0111unarodnim konferencijama i skupovima kao pozivni predava\u010d\u00a0 (<em>keynote<\/em>) te gostovala kao predava\u010d na sveu\u010dili\u0161tima u Sloveniji i Crnoj Gori na kojima je dr\u017eala predavanja i radionice na temu\u00a0 interpretacije ba\u0161tine kroz kreativnost, transformacijskog vo\u0111enja i komunikacije, animacije u turizmu i\u00a0 grupne dinamike. Profesionalno usavr\u0161avanje stekla je na inozemnim fakultetima iz podru\u010dja s<em>torytellinga<\/em> i upravljanja do\u017eivljajem, animacije te dramske i plesne pedagogije. Stalni je suradnik AZVO-a (Agencija za znanost i visoko obrazovanje)\u00a0 i sudjeluje na brojnim inicijalnim akreditacijama i re-akreditacijama i recenzijama za studije turizma i kulture. \u00a0U svojoj dugogodi\u0161njoj praksi bila je mentorica na preko dvjesto pedeset diplomskih radova a kao predsjednica komisije za edukaciju turisti\u010dkih vodi\u010da za dvanaest kontinentalnih \u017eupanija\u00a0 predavala je impozantnoj brojci od \u0161esto i pedeset vodi\u010da. Tako\u0111er je licencirani turisti\u010dki vodi\u010d za engleski i njema\u010dki jezik za Primorsko goransku, Istarsku i Li\u010dko senjsku \u017eupaniju. Za svoj projekt zajedno sa studentima Bernaysa \u201eGlagolja\u0161ka kolonija u starom gradu Plominu\u201c osvojila je prvo mjesto na me\u0111unarodnom Milenijskom natjecanju u travnju 2020 godine u okviru manifestacije Kreativna riznica u Osijeku. Za isti projekt osvojila je nagradu od strane turisti\u010dke struke za 2020.godinu \u201eSimply the best\u201c. Dobila je 2023.g. srebrnu plaketu za mentorstvo za diplomski rad, gdje je njezina diplomantica briljirala sa svojim diplomskim radom na temu \u201cPotencijal razvoja hodo\u010dasni\u010dke rute prema Marijanskim sveti\u0161tima u Hrvatskoj<strong>\u201d,<\/strong> na me\u0111unarodnoj Konferenciji povijesnih gradova u Solinu.<\/p>\n<p>&nbsp;<\/p>\n<p>&nbsp;<\/p>\n","protected":false},"excerpt":{"rendered":"<p>PI\u0160E: DOC. DR. SC. ROMANA LEKI\u0106 Prof. stru\u010dnih studija u trajnom zvanju HRVATSKI KREATIVNI TURIZAM: KRI\u017dEVCI CENTAR SVIJETA DANI O\u017dIVLJENE PRO\u0160LOSTI ZNAMENITE POVIJESNE LI\u010cNOSTI I IZUMITELJI: RESURS ZA INOVATIVNI ODNOS&hellip;<\/p>\n","protected":false},"author":4,"featured_media":5653,"comment_status":"closed","ping_status":"closed","sticky":false,"template":"","format":"standard","meta":{"_bbp_topic_count":0,"_bbp_reply_count":0,"_bbp_total_topic_count":0,"_bbp_total_reply_count":0,"_bbp_voice_count":0,"_bbp_anonymous_reply_count":0,"_bbp_topic_count_hidden":0,"_bbp_reply_count_hidden":0,"_bbp_forum_subforum_count":0,"footnotes":""},"categories":[331],"tags":[],"class_list":["post-5650","post","type-post","status-publish","format-standard","has-post-thumbnail","hentry","category-obavijest"],"_links":{"self":[{"href":"https:\/\/www.gradski-muzej-krizevci.hr\/index.php?rest_route=\/wp\/v2\/posts\/5650","targetHints":{"allow":["GET"]}}],"collection":[{"href":"https:\/\/www.gradski-muzej-krizevci.hr\/index.php?rest_route=\/wp\/v2\/posts"}],"about":[{"href":"https:\/\/www.gradski-muzej-krizevci.hr\/index.php?rest_route=\/wp\/v2\/types\/post"}],"author":[{"embeddable":true,"href":"https:\/\/www.gradski-muzej-krizevci.hr\/index.php?rest_route=\/wp\/v2\/users\/4"}],"replies":[{"embeddable":true,"href":"https:\/\/www.gradski-muzej-krizevci.hr\/index.php?rest_route=%2Fwp%2Fv2%2Fcomments&post=5650"}],"version-history":[{"count":1,"href":"https:\/\/www.gradski-muzej-krizevci.hr\/index.php?rest_route=\/wp\/v2\/posts\/5650\/revisions"}],"predecessor-version":[{"id":5654,"href":"https:\/\/www.gradski-muzej-krizevci.hr\/index.php?rest_route=\/wp\/v2\/posts\/5650\/revisions\/5654"}],"wp:featuredmedia":[{"embeddable":true,"href":"https:\/\/www.gradski-muzej-krizevci.hr\/index.php?rest_route=\/wp\/v2\/media\/5653"}],"wp:attachment":[{"href":"https:\/\/www.gradski-muzej-krizevci.hr\/index.php?rest_route=%2Fwp%2Fv2%2Fmedia&parent=5650"}],"wp:term":[{"taxonomy":"category","embeddable":true,"href":"https:\/\/www.gradski-muzej-krizevci.hr\/index.php?rest_route=%2Fwp%2Fv2%2Fcategories&post=5650"},{"taxonomy":"post_tag","embeddable":true,"href":"https:\/\/www.gradski-muzej-krizevci.hr\/index.php?rest_route=%2Fwp%2Fv2%2Ftags&post=5650"}],"curies":[{"name":"wp","href":"https:\/\/api.w.org\/{rel}","templated":true}]}}