{"id":5857,"date":"2024-06-24T08:38:17","date_gmt":"2024-06-24T07:38:17","guid":{"rendered":"http:\/\/www.gradski-muzej-krizevci.hr\/?p=5857"},"modified":"2024-06-28T08:53:21","modified_gmt":"2024-06-28T07:53:21","slug":"6-krizevacko-likovno-ljeto","status":"publish","type":"post","link":"https:\/\/www.gradski-muzej-krizevci.hr\/?p=5857","title":{"rendered":"6. Kri\u017eeva\u010dko likovno ljeto Seniori KLK: \u201eRecentna djela\u201c"},"content":{"rendered":"<h1 class=\"entry-title\">6. Kri\u017eeva\u010dko likovno ljeto<\/h1>\n<h1 class=\"entry-title\">25. 6. 2024<br \/>\n10 \u2013 13 sati<br \/>\nPOP UP IZLO\u017dBA<br \/>\nSENIORI KLK: \u201eRecentna djela\u201c<br \/>\nAtrij Likovne galerije Gradskog muzeja Kri\u017eevci, Trg Antuna Nem\u010di\u0107a 6\/1<\/h1>\n<p>Kri\u017eeva\u010dki likovni krug u sklopu Kri\u017eeva\u010dkog likovnog ljeta predstaviti \u0107e recentne radove svojih \u010dlanica i \u010dlanova u Atriju likovne galerije, a posjetitelji \u0107e mo\u0107i u\u017eivati u raznolikim motivima i likovnim izri\u010dajima uz ugodno dru\u017eenje s autoricama i autorima \u010diji je dugogodi\u0161nji profesor Zoran Homen.<\/p>\n","protected":false},"excerpt":{"rendered":"<p>6. Kri\u017eeva\u010dko likovno ljeto 25. 6. 2024 10 \u2013 13 sati POP UP IZLO\u017dBA SENIORI KLK: \u201eRecentna djela\u201c Atrij Likovne galerije Gradskog muzeja Kri\u017eevci, Trg Antuna Nem\u010di\u0107a 6\/1 Kri\u017eeva\u010dki likovni&hellip;<\/p>\n","protected":false},"author":4,"featured_media":5176,"comment_status":"closed","ping_status":"closed","sticky":false,"template":"","format":"standard","meta":{"_bbp_topic_count":0,"_bbp_reply_count":0,"_bbp_total_topic_count":0,"_bbp_total_reply_count":0,"_bbp_voice_count":0,"_bbp_anonymous_reply_count":0,"_bbp_topic_count_hidden":0,"_bbp_reply_count_hidden":0,"_bbp_forum_subforum_count":0,"footnotes":""},"categories":[329,330],"tags":[],"class_list":["post-5857","post","type-post","status-publish","format-standard","has-post-thumbnail","hentry","category-izlozba","category-manifestacija"],"_links":{"self":[{"href":"https:\/\/www.gradski-muzej-krizevci.hr\/index.php?rest_route=\/wp\/v2\/posts\/5857","targetHints":{"allow":["GET"]}}],"collection":[{"href":"https:\/\/www.gradski-muzej-krizevci.hr\/index.php?rest_route=\/wp\/v2\/posts"}],"about":[{"href":"https:\/\/www.gradski-muzej-krizevci.hr\/index.php?rest_route=\/wp\/v2\/types\/post"}],"author":[{"embeddable":true,"href":"https:\/\/www.gradski-muzej-krizevci.hr\/index.php?rest_route=\/wp\/v2\/users\/4"}],"replies":[{"embeddable":true,"href":"https:\/\/www.gradski-muzej-krizevci.hr\/index.php?rest_route=%2Fwp%2Fv2%2Fcomments&post=5857"}],"version-history":[{"count":2,"href":"https:\/\/www.gradski-muzej-krizevci.hr\/index.php?rest_route=\/wp\/v2\/posts\/5857\/revisions"}],"predecessor-version":[{"id":5859,"href":"https:\/\/www.gradski-muzej-krizevci.hr\/index.php?rest_route=\/wp\/v2\/posts\/5857\/revisions\/5859"}],"wp:featuredmedia":[{"embeddable":true,"href":"https:\/\/www.gradski-muzej-krizevci.hr\/index.php?rest_route=\/wp\/v2\/media\/5176"}],"wp:attachment":[{"href":"https:\/\/www.gradski-muzej-krizevci.hr\/index.php?rest_route=%2Fwp%2Fv2%2Fmedia&parent=5857"}],"wp:term":[{"taxonomy":"category","embeddable":true,"href":"https:\/\/www.gradski-muzej-krizevci.hr\/index.php?rest_route=%2Fwp%2Fv2%2Fcategories&post=5857"},{"taxonomy":"post_tag","embeddable":true,"href":"https:\/\/www.gradski-muzej-krizevci.hr\/index.php?rest_route=%2Fwp%2Fv2%2Ftags&post=5857"}],"curies":[{"name":"wp","href":"https:\/\/api.w.org\/{rel}","templated":true}]}}