{"id":5868,"date":"2024-06-28T08:23:32","date_gmt":"2024-06-28T07:23:32","guid":{"rendered":"http:\/\/www.gradski-muzej-krizevci.hr\/?p=5868"},"modified":"2024-06-28T08:24:13","modified_gmt":"2024-06-28T07:24:13","slug":"6-krizevacko-likovno-ljeto-djecji-vrtic-krizevci-godisnja-izlozba-recentno-vrticko-likovno-stvaralastvo","status":"publish","type":"post","link":"https:\/\/www.gradski-muzej-krizevci.hr\/?p=5868","title":{"rendered":"6. Kri\u017eeva\u010dko likovno ljeto Dje\u010dji vrti\u0107 Kri\u017eevci \u201eGodi\u0161nja izlo\u017eba \u2013 recentno vrti\u0107ko likovno stvarala\u0161tvo\u201c"},"content":{"rendered":"<p><strong>9. 7. 2024. <\/strong><br \/>\n<strong>10 \u2013 13 sati<\/strong><br \/>\n<strong>POP UP IZLO\u017dBA<\/strong><br \/>\n<strong>DJE\u010cJI VRTI\u0106 KRI\u017dEVCI: \u201eGodi\u0161nja izlo\u017eba \u2013 recentno vrti\u0107ko likovno stvarala\u0161tvo\u201c<\/strong><br \/>\n<strong>Atrij Likovne galerije Gradskog muzeja Kri\u017eevci, Trg Antuna Nem\u010di\u0107a 6\/1<\/strong><\/p>\n<p>Dje\u010dji vrti\u0107 Kri\u017eevci predstavit \u0107e se presjekom likovnih radova nastalih tijekom pedago\u0161ke godine. Na izlo\u017ebi \u0107e se mo\u0107i vidjeti likovni radovi svih vrti\u0107kih skupina.<\/p>\n<p>Vizual: Vrti\u0107ka skupina &#8220;Sr\u010deka&#8221; &#8211; 4. godine<\/p>\n","protected":false},"excerpt":{"rendered":"<p>9. 7. 2024. 10 \u2013 13 sati POP UP IZLO\u017dBA DJE\u010cJI VRTI\u0106 KRI\u017dEVCI: \u201eGodi\u0161nja izlo\u017eba \u2013 recentno vrti\u0107ko likovno stvarala\u0161tvo\u201c Atrij Likovne galerije Gradskog muzeja Kri\u017eevci, Trg Antuna Nem\u010di\u0107a 6\/1&hellip;<\/p>\n","protected":false},"author":4,"featured_media":5870,"comment_status":"closed","ping_status":"closed","sticky":false,"template":"","format":"standard","meta":{"_bbp_topic_count":0,"_bbp_reply_count":0,"_bbp_total_topic_count":0,"_bbp_total_reply_count":0,"_bbp_voice_count":0,"_bbp_anonymous_reply_count":0,"_bbp_topic_count_hidden":0,"_bbp_reply_count_hidden":0,"_bbp_forum_subforum_count":0,"footnotes":""},"categories":[329,330],"tags":[],"class_list":["post-5868","post","type-post","status-publish","format-standard","has-post-thumbnail","hentry","category-izlozba","category-manifestacija"],"_links":{"self":[{"href":"https:\/\/www.gradski-muzej-krizevci.hr\/index.php?rest_route=\/wp\/v2\/posts\/5868","targetHints":{"allow":["GET"]}}],"collection":[{"href":"https:\/\/www.gradski-muzej-krizevci.hr\/index.php?rest_route=\/wp\/v2\/posts"}],"about":[{"href":"https:\/\/www.gradski-muzej-krizevci.hr\/index.php?rest_route=\/wp\/v2\/types\/post"}],"author":[{"embeddable":true,"href":"https:\/\/www.gradski-muzej-krizevci.hr\/index.php?rest_route=\/wp\/v2\/users\/4"}],"replies":[{"embeddable":true,"href":"https:\/\/www.gradski-muzej-krizevci.hr\/index.php?rest_route=%2Fwp%2Fv2%2Fcomments&post=5868"}],"version-history":[{"count":2,"href":"https:\/\/www.gradski-muzej-krizevci.hr\/index.php?rest_route=\/wp\/v2\/posts\/5868\/revisions"}],"predecessor-version":[{"id":5872,"href":"https:\/\/www.gradski-muzej-krizevci.hr\/index.php?rest_route=\/wp\/v2\/posts\/5868\/revisions\/5872"}],"wp:featuredmedia":[{"embeddable":true,"href":"https:\/\/www.gradski-muzej-krizevci.hr\/index.php?rest_route=\/wp\/v2\/media\/5870"}],"wp:attachment":[{"href":"https:\/\/www.gradski-muzej-krizevci.hr\/index.php?rest_route=%2Fwp%2Fv2%2Fmedia&parent=5868"}],"wp:term":[{"taxonomy":"category","embeddable":true,"href":"https:\/\/www.gradski-muzej-krizevci.hr\/index.php?rest_route=%2Fwp%2Fv2%2Fcategories&post=5868"},{"taxonomy":"post_tag","embeddable":true,"href":"https:\/\/www.gradski-muzej-krizevci.hr\/index.php?rest_route=%2Fwp%2Fv2%2Ftags&post=5868"}],"curies":[{"name":"wp","href":"https:\/\/api.w.org\/{rel}","templated":true}]}}