{"id":5930,"date":"2024-07-12T10:36:23","date_gmt":"2024-07-12T09:36:23","guid":{"rendered":"https:\/\/www.gradski-muzej-krizevci.hr\/?p=5930"},"modified":"2024-07-12T10:36:23","modified_gmt":"2024-07-12T09:36:23","slug":"6-krizevacko-likovno-ljeto-autorska-radionica-emilije-novosel-od-koncepta-do-otiska-integracija-dizajna-i-tiska","status":"publish","type":"post","link":"https:\/\/www.gradski-muzej-krizevci.hr\/?p=5930","title":{"rendered":"6. Kri\u017eeva\u010dko likovno ljeto AUTORSKA RADIONICA EMILIJE NOVOSEL: \u201eOd Koncepta do Otiska: Integracija dizajna i tiska\u201d"},"content":{"rendered":"<p><strong>15. 7. 2024.<\/strong><br \/>\n<strong>10 \u2013 13 sati<\/strong><br \/>\n<strong>AUTORSKA RADIONICA<\/strong><br \/>\n<strong>EMILIJA NOVOSEL: \u201eOd Koncepta do Otiska: Integracija dizajna i tiska\u201d<\/strong><br \/>\n<strong>Atrij Likovne galerije Gradskog muzeja Kri\u017eevci, Trg Antuna Nem\u010di\u0107a 6\/1<\/strong><\/p>\n<p>Radionica dizajna za sve koji \u017eele vlastiti dizajn tiska na bilo kojem predmetu. Na radionici \u0107e svi posjetitelji imati priliku, uz stru\u010dno vodstvo mlade dizajnerice, osmisliti i dizajnirati vlastiti motiv koji \u0107e mo\u0107i otisnuti u formi razglednice ili na nosive predmete poput majica ili torbi.<\/p>\n<p>Emilija Novosel ro\u0111ena 2001. u Koprivnici. Zavr\u0161ila je Osnovnu \u0161kolu \u201eVladimir Nazor\u201c u Kri\u017eevcima te nastavila daljnje obrazovanje u \u0160koli primijenjene umjetnosti i dizajna u Zagrebu gdje 2020. godine zavr\u0161ava grafi\u010dki odjel. 2021. godine upisuje Studij dizajna na Arhitektonskom fakultetu gdje je trenutno studentica vizualnih komunikacija. Sudjelovala je u brojim grupnim izlo\u017ebama u sklopu \u0160kole primijenjene umjetnosti i dizajna (Zagreb Design Week, izlo\u017eba u Francuskom institutu u Zagrebu te izlo\u017eba u Gradskoj galeriji Fonticus Gro\u017enjan), 2019. i u POP-UP izlo\u017ebi u atriju Likovne galerije Kri\u017eevci te sada i u sklopu Studija dizajna.<\/p>\n","protected":false},"excerpt":{"rendered":"<p>15. 7. 2024. 10 \u2013 13 sati AUTORSKA RADIONICA EMILIJA NOVOSEL: \u201eOd Koncepta do Otiska: Integracija dizajna i tiska\u201d Atrij Likovne galerije Gradskog muzeja Kri\u017eevci, Trg Antuna Nem\u010di\u0107a 6\/1 Radionica&hellip;<\/p>\n","protected":false},"author":2,"featured_media":5929,"comment_status":"closed","ping_status":"closed","sticky":false,"template":"","format":"standard","meta":{"_bbp_topic_count":0,"_bbp_reply_count":0,"_bbp_total_topic_count":0,"_bbp_total_reply_count":0,"_bbp_voice_count":0,"_bbp_anonymous_reply_count":0,"_bbp_topic_count_hidden":0,"_bbp_reply_count_hidden":0,"_bbp_forum_subforum_count":0,"footnotes":""},"categories":[330,333],"tags":[],"class_list":["post-5930","post","type-post","status-publish","format-standard","has-post-thumbnail","hentry","category-manifestacija","category-radionica"],"_links":{"self":[{"href":"https:\/\/www.gradski-muzej-krizevci.hr\/index.php?rest_route=\/wp\/v2\/posts\/5930","targetHints":{"allow":["GET"]}}],"collection":[{"href":"https:\/\/www.gradski-muzej-krizevci.hr\/index.php?rest_route=\/wp\/v2\/posts"}],"about":[{"href":"https:\/\/www.gradski-muzej-krizevci.hr\/index.php?rest_route=\/wp\/v2\/types\/post"}],"author":[{"embeddable":true,"href":"https:\/\/www.gradski-muzej-krizevci.hr\/index.php?rest_route=\/wp\/v2\/users\/2"}],"replies":[{"embeddable":true,"href":"https:\/\/www.gradski-muzej-krizevci.hr\/index.php?rest_route=%2Fwp%2Fv2%2Fcomments&post=5930"}],"version-history":[{"count":1,"href":"https:\/\/www.gradski-muzej-krizevci.hr\/index.php?rest_route=\/wp\/v2\/posts\/5930\/revisions"}],"predecessor-version":[{"id":5931,"href":"https:\/\/www.gradski-muzej-krizevci.hr\/index.php?rest_route=\/wp\/v2\/posts\/5930\/revisions\/5931"}],"wp:featuredmedia":[{"embeddable":true,"href":"https:\/\/www.gradski-muzej-krizevci.hr\/index.php?rest_route=\/wp\/v2\/media\/5929"}],"wp:attachment":[{"href":"https:\/\/www.gradski-muzej-krizevci.hr\/index.php?rest_route=%2Fwp%2Fv2%2Fmedia&parent=5930"}],"wp:term":[{"taxonomy":"category","embeddable":true,"href":"https:\/\/www.gradski-muzej-krizevci.hr\/index.php?rest_route=%2Fwp%2Fv2%2Fcategories&post=5930"},{"taxonomy":"post_tag","embeddable":true,"href":"https:\/\/www.gradski-muzej-krizevci.hr\/index.php?rest_route=%2Fwp%2Fv2%2Ftags&post=5930"}],"curies":[{"name":"wp","href":"https:\/\/api.w.org\/{rel}","templated":true}]}}