{"id":692,"date":"2019-07-05T16:49:48","date_gmt":"2019-07-05T15:49:48","guid":{"rendered":"http:\/\/www.gradski-muzej-krizevci.hr\/?p=692"},"modified":"2022-11-18T23:33:36","modified_gmt":"2022-11-18T22:33:36","slug":"izlozba-bozica-petkovic-igra-metala","status":"publish","type":"post","link":"https:\/\/www.gradski-muzej-krizevci.hr\/?p=692","title":{"rendered":"Izlo\u017eba: Bo\u017eica Petkovi\u0107 &#8220;Igra metala&#8221;"},"content":{"rendered":"<p><strong>IGRA METALA<\/strong><br \/>\n<strong>Bo\u017eica Petkovi\u0107<\/strong><br \/>\n<strong>8.7. &#8211; 12.7.2019.<\/strong><br \/>\n<strong>Likovna galerija<\/strong><\/p>\n<p><strong>Gradski muzej Kri\u017eevci<\/strong><\/p>\n<p>Otvorenje izlo\u017ebe &#8220;Igra metala&#8221; i <em>Kri\u017eeva\u010dkog likovnog ljeta<\/em> u organizaciji Gradskog muzeja Kri\u017eevci, Kri\u017eev\u010danki i Kri\u017eev\u010dana odr\u017eat \u0107e se u ponedjeljak 8. srpnja u 20 sati.<\/p>\n<p><!--more-->PREDGOVOR<br \/>\nPogledamo li definiciju nakita, potvrdit \u0107emo ono \u0161to ve\u0107 i sami znamo: to su predmeti \u010dija je svrha ukra\u0161avanje \u010dovjeka, otkrivaju\u0107i nam pritom pone\u0161to i o samoj osobi: primjerice, njezin ukus, pripadnost odre\u0111enom dru\u0161tvenom krugu ili pak statusni polo\u017eaj. Kao i umjetnost, i nakit je kroz povijest do\u017eivio mnoge mijene i preobra\u017eaje, prilago\u0111avaju\u0107i se ukusu i duhu stolje\u0107a, kori\u0161tenim materijalima, starim i novim tehnikama. Kao zadnji u takvome nizu javio se suvremeni nakit u kojemu su granice nakita kao takvog mo\u017eda i najvi\u0161e pre\u0161le u sferu skulpture. Komadi koji predstavljaju ovu razvojnu fazu gotovo da predstavljaju skulpture u pravom smislu rije\u010di, oblikovane prema ljudskom tijelu, kojemu su i namijenjene.<br \/>\nUpravo se takvim nakitom u svojoj prvoj samostalnoj izlo\u017ebi predstavila Bo\u017eica Petkovi\u0107. Ru\u010dno izra\u0111eni komadi jedinstveni su. Oblikovani od srebra i prirodnih materijala, kao svoju glavnu odliku nose jednostavnost formi, koje me\u0111usobno isprepletene daju puno vi\u0161e. Otvorima, udubljenjima, gomilanjem, uslojavanjem i pro\u017eimanjem one se igraju s prostorom i svijetlom, \u010dine\u0107i ga svojim dijelom. Ujedno, tim istim odlikama, a unato\u010d spomenutoj jednostavnosti, autorica uspijeva posti\u0107i osje\u0107aj odre\u0111ene monumentalnosti. Odlika je to i same prirode, \u010diji se oblici nerijetko prepoznaju u komadima nakita: meandri\u010dno krivudanje rijeka, tekstura kamena, isprepletenost biljnih vitica. Forme, kao i kori\u0161teni materijali organski se sjedinjuju u \u010demu se ogleda i autori\u010dina inspiracija: uvijek iznova istra\u017eivati, uvijek iznova stvarati.<br \/>\nAna Be\u0161li\u0107,<br \/>\nmagistra povijesti umjetnosti\u00a0i magistra portugalskog jezika i knji\u017eevnosti<\/p>\n<p>\u017divotopis autorice:\u00a0Bo\u017eica Petkovi\u0107 Ro\u0111ena je 1966. godine u Zagrebu. Rodom je iz Kri\u017eevaca gdje \u017eivi do svoje 20. godine. Nakit izra\u0111uje od 2010. godine. Zavr\u0161ila je \u201eMajstorsku \u0161kolicu\u201c u Otvorenom atelieru Lumezi 2012. godine, a te\u010daj za dizajn i oblikovanje suvremenog nakita zavr\u0161ava 2013. godine u POU Zagreb kod Davora \u0160uk. 2013. postaje \u010dlanica udruge Klub prijatelja nakita Zagreb. Izla\u017ee na nekoliko skupnih izlo\u017ebi \u2013 POU Zagreb, Medijateka francuskog instituta u Zagrebu, Artomat HDLU-a, Likovna galerija Gradskog muzeja Kri\u017eevci.<\/p>\n<div id='gallery-1' class='gallery galleryid-692 gallery-columns-6 gallery-size-thumbnail'><figure class='gallery-item'>\n\t\t\t<div class='gallery-icon landscape'>\n\t\t\t\t<a title=\"IMG_7126\" href='https:\/\/www.gradski-muzej-krizevci.hr\/wp-content\/uploads\/2019\/07\/IMG_7126.jpg'><img loading=\"lazy\" decoding=\"async\" width=\"150\" height=\"150\" src=\"https:\/\/www.gradski-muzej-krizevci.hr\/wp-content\/uploads\/2019\/07\/IMG_7126-150x150.jpg\" class=\"attachment-thumbnail size-thumbnail\" alt=\"\" srcset=\"https:\/\/www.gradski-muzej-krizevci.hr\/wp-content\/uploads\/2019\/07\/IMG_7126-150x150.jpg 150w, https:\/\/www.gradski-muzej-krizevci.hr\/wp-content\/uploads\/2019\/07\/IMG_7126-60x60.jpg 60w\" sizes=\"auto, (max-width: 150px) 100vw, 150px\" \/><\/a>\n\t\t\t<\/div><\/figure><figure class='gallery-item'>\n\t\t\t<div class='gallery-icon landscape'>\n\t\t\t\t<a title=\"IMG_7123\" href='https:\/\/www.gradski-muzej-krizevci.hr\/wp-content\/uploads\/2019\/07\/IMG_7123.jpg'><img loading=\"lazy\" decoding=\"async\" width=\"150\" height=\"150\" src=\"https:\/\/www.gradski-muzej-krizevci.hr\/wp-content\/uploads\/2019\/07\/IMG_7123-150x150.jpg\" class=\"attachment-thumbnail size-thumbnail\" alt=\"\" srcset=\"https:\/\/www.gradski-muzej-krizevci.hr\/wp-content\/uploads\/2019\/07\/IMG_7123-150x150.jpg 150w, https:\/\/www.gradski-muzej-krizevci.hr\/wp-content\/uploads\/2019\/07\/IMG_7123-60x60.jpg 60w\" sizes=\"auto, (max-width: 150px) 100vw, 150px\" \/><\/a>\n\t\t\t<\/div><\/figure><figure class='gallery-item'>\n\t\t\t<div class='gallery-icon landscape'>\n\t\t\t\t<a title=\"IMG_7116\" href='https:\/\/www.gradski-muzej-krizevci.hr\/wp-content\/uploads\/2019\/07\/IMG_7116.jpg'><img loading=\"lazy\" decoding=\"async\" width=\"150\" height=\"150\" src=\"https:\/\/www.gradski-muzej-krizevci.hr\/wp-content\/uploads\/2019\/07\/IMG_7116-150x150.jpg\" class=\"attachment-thumbnail size-thumbnail\" alt=\"\" srcset=\"https:\/\/www.gradski-muzej-krizevci.hr\/wp-content\/uploads\/2019\/07\/IMG_7116-150x150.jpg 150w, https:\/\/www.gradski-muzej-krizevci.hr\/wp-content\/uploads\/2019\/07\/IMG_7116-60x60.jpg 60w\" sizes=\"auto, (max-width: 150px) 100vw, 150px\" \/><\/a>\n\t\t\t<\/div><\/figure><figure class='gallery-item'>\n\t\t\t<div class='gallery-icon landscape'>\n\t\t\t\t<a title=\"IMG_7118\" href='https:\/\/www.gradski-muzej-krizevci.hr\/wp-content\/uploads\/2019\/07\/IMG_7118.jpg'><img loading=\"lazy\" decoding=\"async\" width=\"150\" height=\"150\" src=\"https:\/\/www.gradski-muzej-krizevci.hr\/wp-content\/uploads\/2019\/07\/IMG_7118-150x150.jpg\" class=\"attachment-thumbnail size-thumbnail\" alt=\"\" srcset=\"https:\/\/www.gradski-muzej-krizevci.hr\/wp-content\/uploads\/2019\/07\/IMG_7118-150x150.jpg 150w, https:\/\/www.gradski-muzej-krizevci.hr\/wp-content\/uploads\/2019\/07\/IMG_7118-60x60.jpg 60w\" sizes=\"auto, (max-width: 150px) 100vw, 150px\" \/><\/a>\n\t\t\t<\/div><\/figure><figure class='gallery-item'>\n\t\t\t<div class='gallery-icon landscape'>\n\t\t\t\t<a title=\"IMG_7137\" href='https:\/\/www.gradski-muzej-krizevci.hr\/wp-content\/uploads\/2019\/07\/IMG_7137.jpg'><img loading=\"lazy\" decoding=\"async\" width=\"150\" height=\"150\" src=\"https:\/\/www.gradski-muzej-krizevci.hr\/wp-content\/uploads\/2019\/07\/IMG_7137-150x150.jpg\" class=\"attachment-thumbnail size-thumbnail\" alt=\"\" srcset=\"https:\/\/www.gradski-muzej-krizevci.hr\/wp-content\/uploads\/2019\/07\/IMG_7137-150x150.jpg 150w, https:\/\/www.gradski-muzej-krizevci.hr\/wp-content\/uploads\/2019\/07\/IMG_7137-60x60.jpg 60w\" sizes=\"auto, (max-width: 150px) 100vw, 150px\" \/><\/a>\n\t\t\t<\/div><\/figure><figure class='gallery-item'>\n\t\t\t<div class='gallery-icon landscape'>\n\t\t\t\t<a title=\"IMG_7140\" href='https:\/\/www.gradski-muzej-krizevci.hr\/wp-content\/uploads\/2019\/07\/IMG_7140.jpg'><img loading=\"lazy\" decoding=\"async\" width=\"150\" height=\"150\" src=\"https:\/\/www.gradski-muzej-krizevci.hr\/wp-content\/uploads\/2019\/07\/IMG_7140-150x150.jpg\" class=\"attachment-thumbnail size-thumbnail\" alt=\"\" srcset=\"https:\/\/www.gradski-muzej-krizevci.hr\/wp-content\/uploads\/2019\/07\/IMG_7140-150x150.jpg 150w, https:\/\/www.gradski-muzej-krizevci.hr\/wp-content\/uploads\/2019\/07\/IMG_7140-60x60.jpg 60w\" sizes=\"auto, (max-width: 150px) 100vw, 150px\" \/><\/a>\n\t\t\t<\/div><\/figure><figure class='gallery-item'>\n\t\t\t<div class='gallery-icon landscape'>\n\t\t\t\t<a title=\"IMG_7134\" href='https:\/\/www.gradski-muzej-krizevci.hr\/wp-content\/uploads\/2019\/07\/IMG_7134.jpg'><img loading=\"lazy\" decoding=\"async\" width=\"150\" height=\"150\" src=\"https:\/\/www.gradski-muzej-krizevci.hr\/wp-content\/uploads\/2019\/07\/IMG_7134-150x150.jpg\" class=\"attachment-thumbnail size-thumbnail\" alt=\"\" srcset=\"https:\/\/www.gradski-muzej-krizevci.hr\/wp-content\/uploads\/2019\/07\/IMG_7134-150x150.jpg 150w, https:\/\/www.gradski-muzej-krizevci.hr\/wp-content\/uploads\/2019\/07\/IMG_7134-60x60.jpg 60w\" sizes=\"auto, (max-width: 150px) 100vw, 150px\" \/><\/a>\n\t\t\t<\/div><\/figure><figure class='gallery-item'>\n\t\t\t<div class='gallery-icon landscape'>\n\t\t\t\t<a title=\"IMG_7169\" href='https:\/\/www.gradski-muzej-krizevci.hr\/wp-content\/uploads\/2019\/07\/IMG_7169.jpg'><img loading=\"lazy\" decoding=\"async\" width=\"150\" height=\"150\" src=\"https:\/\/www.gradski-muzej-krizevci.hr\/wp-content\/uploads\/2019\/07\/IMG_7169-150x150.jpg\" class=\"attachment-thumbnail size-thumbnail\" alt=\"\" srcset=\"https:\/\/www.gradski-muzej-krizevci.hr\/wp-content\/uploads\/2019\/07\/IMG_7169-150x150.jpg 150w, https:\/\/www.gradski-muzej-krizevci.hr\/wp-content\/uploads\/2019\/07\/IMG_7169-60x60.jpg 60w\" sizes=\"auto, (max-width: 150px) 100vw, 150px\" \/><\/a>\n\t\t\t<\/div><\/figure><figure class='gallery-item'>\n\t\t\t<div class='gallery-icon landscape'>\n\t\t\t\t<a title=\"IMG_7161\" href='https:\/\/www.gradski-muzej-krizevci.hr\/wp-content\/uploads\/2019\/07\/IMG_7161.jpg'><img loading=\"lazy\" decoding=\"async\" width=\"150\" height=\"150\" src=\"https:\/\/www.gradski-muzej-krizevci.hr\/wp-content\/uploads\/2019\/07\/IMG_7161-150x150.jpg\" class=\"attachment-thumbnail size-thumbnail\" alt=\"\" srcset=\"https:\/\/www.gradski-muzej-krizevci.hr\/wp-content\/uploads\/2019\/07\/IMG_7161-150x150.jpg 150w, https:\/\/www.gradski-muzej-krizevci.hr\/wp-content\/uploads\/2019\/07\/IMG_7161-60x60.jpg 60w\" sizes=\"auto, (max-width: 150px) 100vw, 150px\" \/><\/a>\n\t\t\t<\/div><\/figure><figure class='gallery-item'>\n\t\t\t<div class='gallery-icon landscape'>\n\t\t\t\t<a title=\"IMG_7160\" href='https:\/\/www.gradski-muzej-krizevci.hr\/wp-content\/uploads\/2019\/07\/IMG_7160.jpg'><img loading=\"lazy\" decoding=\"async\" width=\"150\" height=\"150\" src=\"https:\/\/www.gradski-muzej-krizevci.hr\/wp-content\/uploads\/2019\/07\/IMG_7160-150x150.jpg\" class=\"attachment-thumbnail size-thumbnail\" alt=\"\" srcset=\"https:\/\/www.gradski-muzej-krizevci.hr\/wp-content\/uploads\/2019\/07\/IMG_7160-150x150.jpg 150w, https:\/\/www.gradski-muzej-krizevci.hr\/wp-content\/uploads\/2019\/07\/IMG_7160-60x60.jpg 60w\" sizes=\"auto, (max-width: 150px) 100vw, 150px\" \/><\/a>\n\t\t\t<\/div><\/figure><figure class='gallery-item'>\n\t\t\t<div class='gallery-icon landscape'>\n\t\t\t\t<a title=\"IMG_7115\" href='https:\/\/www.gradski-muzej-krizevci.hr\/wp-content\/uploads\/2019\/07\/IMG_7115.jpg'><img loading=\"lazy\" decoding=\"async\" width=\"150\" height=\"150\" src=\"https:\/\/www.gradski-muzej-krizevci.hr\/wp-content\/uploads\/2019\/07\/IMG_7115-150x150.jpg\" class=\"attachment-thumbnail size-thumbnail\" alt=\"\" srcset=\"https:\/\/www.gradski-muzej-krizevci.hr\/wp-content\/uploads\/2019\/07\/IMG_7115-150x150.jpg 150w, https:\/\/www.gradski-muzej-krizevci.hr\/wp-content\/uploads\/2019\/07\/IMG_7115-60x60.jpg 60w\" sizes=\"auto, (max-width: 150px) 100vw, 150px\" \/><\/a>\n\t\t\t<\/div><\/figure><figure class='gallery-item'>\n\t\t\t<div class='gallery-icon landscape'>\n\t\t\t\t<a title=\"IMG_7109\" href='https:\/\/www.gradski-muzej-krizevci.hr\/wp-content\/uploads\/2019\/07\/IMG_7109.jpg'><img loading=\"lazy\" decoding=\"async\" width=\"150\" height=\"150\" src=\"https:\/\/www.gradski-muzej-krizevci.hr\/wp-content\/uploads\/2019\/07\/IMG_7109-150x150.jpg\" class=\"attachment-thumbnail size-thumbnail\" alt=\"\" srcset=\"https:\/\/www.gradski-muzej-krizevci.hr\/wp-content\/uploads\/2019\/07\/IMG_7109-150x150.jpg 150w, https:\/\/www.gradski-muzej-krizevci.hr\/wp-content\/uploads\/2019\/07\/IMG_7109-60x60.jpg 60w\" sizes=\"auto, (max-width: 150px) 100vw, 150px\" \/><\/a>\n\t\t\t<\/div><\/figure>\n\t\t<\/div>\n\n","protected":false},"excerpt":{"rendered":"<p>IGRA METALA Bo\u017eica Petkovi\u0107 8.7. &#8211; 12.7.2019. Likovna galerija Gradski muzej Kri\u017eevci Otvorenje izlo\u017ebe &#8220;Igra metala&#8221; i Kri\u017eeva\u010dkog likovnog ljeta u organizaciji Gradskog muzeja Kri\u017eevci, Kri\u017eev\u010danki i Kri\u017eev\u010dana odr\u017eat \u0107e&hellip;<\/p>\n","protected":false},"author":4,"featured_media":694,"comment_status":"closed","ping_status":"closed","sticky":false,"template":"","format":"standard","meta":{"_bbp_topic_count":0,"_bbp_reply_count":0,"_bbp_total_topic_count":0,"_bbp_total_reply_count":0,"_bbp_voice_count":0,"_bbp_anonymous_reply_count":0,"_bbp_topic_count_hidden":0,"_bbp_reply_count_hidden":0,"_bbp_forum_subforum_count":0,"footnotes":""},"categories":[329],"tags":[54,49],"class_list":["post-692","post","type-post","status-publish","format-standard","has-post-thumbnail","hentry","category-izlozba","tag-ana-beslic","tag-bozica-petkovic"],"_links":{"self":[{"href":"https:\/\/www.gradski-muzej-krizevci.hr\/index.php?rest_route=\/wp\/v2\/posts\/692","targetHints":{"allow":["GET"]}}],"collection":[{"href":"https:\/\/www.gradski-muzej-krizevci.hr\/index.php?rest_route=\/wp\/v2\/posts"}],"about":[{"href":"https:\/\/www.gradski-muzej-krizevci.hr\/index.php?rest_route=\/wp\/v2\/types\/post"}],"author":[{"embeddable":true,"href":"https:\/\/www.gradski-muzej-krizevci.hr\/index.php?rest_route=\/wp\/v2\/users\/4"}],"replies":[{"embeddable":true,"href":"https:\/\/www.gradski-muzej-krizevci.hr\/index.php?rest_route=%2Fwp%2Fv2%2Fcomments&post=692"}],"version-history":[{"count":8,"href":"https:\/\/www.gradski-muzej-krizevci.hr\/index.php?rest_route=\/wp\/v2\/posts\/692\/revisions"}],"predecessor-version":[{"id":1092,"href":"https:\/\/www.gradski-muzej-krizevci.hr\/index.php?rest_route=\/wp\/v2\/posts\/692\/revisions\/1092"}],"wp:featuredmedia":[{"embeddable":true,"href":"https:\/\/www.gradski-muzej-krizevci.hr\/index.php?rest_route=\/wp\/v2\/media\/694"}],"wp:attachment":[{"href":"https:\/\/www.gradski-muzej-krizevci.hr\/index.php?rest_route=%2Fwp%2Fv2%2Fmedia&parent=692"}],"wp:term":[{"taxonomy":"category","embeddable":true,"href":"https:\/\/www.gradski-muzej-krizevci.hr\/index.php?rest_route=%2Fwp%2Fv2%2Fcategories&post=692"},{"taxonomy":"post_tag","embeddable":true,"href":"https:\/\/www.gradski-muzej-krizevci.hr\/index.php?rest_route=%2Fwp%2Fv2%2Ftags&post=692"}],"curies":[{"name":"wp","href":"https:\/\/api.w.org\/{rel}","templated":true}]}}